{"id":59298,"date":"2018-08-01T08:13:03","date_gmt":"2018-08-01T11:13:03","guid":{"rendered":"http:\/\/caririemacao.com\/1\/?p=59298"},"modified":"2018-08-01T08:13:03","modified_gmt":"2018-08-01T11:13:03","slug":"em-atrito-com-macripapa-francisco-se-engaja-em-debate-sobre-aborto","status":"publish","type":"post","link":"https:\/\/www.caririemacao.com\/1\/2018\/08\/01\/em-atrito-com-macripapa-francisco-se-engaja-em-debate-sobre-aborto\/","title":{"rendered":"Em atrito com Macri,papa Francisco se engaja em debate sobre aborto"},"content":{"rendered":"<div class=\"c-news__body\" data-share-text=\"\" data-news-content-text=\"\" data-disable-copy=\"\" data-continue-reading=\"\" data-continue-reading-hide-others=\".js-continue-reading-hidden\">\n<p>\u201cNo s\u00e9culo passado, todos estavam escandalizados pelo que faziam os nazistas para cuidar da pureza da ra\u00e7a. Hoje se defende fazer o mesmo, mas com luvas brancas.\u201d<\/p>\n<p>Depois que o\u00a0papa Francisco\u00a0disse isso, a Igreja Cat\u00f3lica, que j\u00e1 havia se posicionado contra o\u00a0aborto, elevou o n\u00edvel das cr\u00edticas ao projeto de lei que se vota no dia 8.<\/p>\n<p>O papa e o presidente da Argentina, Mauricio\u00a0Macri,\u00a0est\u00e3o em fric\u00e7\u00e3o pol\u00edtica desde que este assumiu a Presid\u00eancia. Francisco declarara seu apoio, na elei\u00e7\u00e3o de 2015, ao peronismo, representado por Daniel Scioli. Depois de eleito, Macri visitou o pont\u00edfice duas vezes, tentando estreitar rela\u00e7\u00f5es, mas foi recebido de modo frio e distante.<\/p>\n<p>O\u00a0est\u00edmulo\u00a0do presidente para que o Congresso debatesse a Lei do Aborto afastou ambos ainda mais.<\/p>\n<p>Francisco j\u00e1 visitou v\u00e1rios pa\u00edses da Am\u00e9rica do Sul (Brasil,\u00a0Equador, Paraguai, Peru, Chile, Col\u00f4mbia, Bol\u00edvia e M\u00e9xico), mas vem evitando seu pa\u00eds natal, muitos creem que seria para evitar um encontro com Macri que poderia ser capitalizado politicamente.<\/p>\n<p>A\u00a0igreja argentina planeja realizar, no pr\u00f3prio dia 8, uma \u201cMissa pela Vida\u201d, que ocorrer\u00e1 na Catedral de Buenos Aires \u00e0s 20h, justamente no momento em que os senadores estar\u00e3o debatendo o projeto e est\u00e3o programados atos dos ativistas pr\u00f3 e contra a medida.<\/p>\n<p>A\u00a0cerim\u00f4nia ser\u00e1 presidida pelo arcebispo de Buenos Aires, cardeal Mario Poli, e estar\u00e3o presentes sacerdotes de destaque de v\u00e1rias prov\u00edncias do pa\u00eds.<\/p>\n<p>Os\u00a0religiosos tamb\u00e9m v\u00eam estimulando os fi\u00e9is a realizar atos, ora\u00e7\u00f5es e jejuns pela campanha #ValeTodaVida.<\/p>\n<p>H\u00e1\u00a0tr\u00eas semanas,\u00a0na famosa Bas\u00edlica de Luj\u00e1n, lugar\u00a0de peregrina\u00e7\u00e3o dos cat\u00f3licos argentinos, o bispo Oscar Ojea disse que, se a lei for aprovada \u201cser\u00e1 a primeira vez que se ditar\u00e1, na Argentina, em tempos de democracia, uma lei que legitima a elimina\u00e7\u00e3o de um ser humano por outro ser humano\u201d.<\/p>\n<p><strong>CARIRI EM A\u00c7\u00c3O<\/strong><\/p>\n<p>Com Folha de S\u00e3o Paulo\/Foto: Reprodu\u00e7\u00e3o Internet<\/p>\n<p>Leia mais not\u00edcias em\u00a0<a href=\"http:\/\/www.caririemacao.com\/\">caririemacao.com<\/a>, siga nossa p\u00e1gina no\u00a0<a href=\"https:\/\/www.facebook.com\/CaririEmAcao\/?ref=aymt_homepage_panel\">Facebook<\/a>,\u00a0<a href=\"https:\/\/www.instagram.com\/cariri_em_acao\/?hl=pt-br\">Instagram<\/a>\u00a0e <a href=\"https:\/\/www.youtube.com\/channel\/UCAptA0jQuYQy8vMhLt2m4qg\">Youtube<\/a>\u00a0e veja nossas mat\u00e9rias, v\u00eddeos e fotos. Voc\u00ea tamb\u00e9m pode enviar informa\u00e7\u00f5es \u00e0 Reda\u00e7\u00e3o do Portal Cariri em A\u00e7\u00e3o pelo WhatsApp (83) 9 9634.5791, (83) 9 9601-1162.<\/p>\n<\/div>\n<div class=\"c-signature js-continue-reading-hidden\"><\/div>\n<div class=\"c-news__stars u-no-print js-continue-reading-hidden\"><\/div>\n<div class=\"c-topics u-no-print js-continue-reading-hidden\"><\/div>\n","protected":false},"excerpt":{"rendered":"<p>\u201cNo s\u00e9culo passado, todos estavam escandalizados pelo que faziam os nazistas para cuidar da pureza da ra\u00e7a. Hoje se defende fazer o mesmo, mas com&hellip; <\/p>\n","protected":false},"author":1,"featured_media":59299,"comment_status":"closed","ping_status":"closed","sticky":false,"template":"","format":"standard","meta":{"sfsi_plus_gutenberg_text_before_share":"","sfsi_plus_gutenberg_show_text_before_share":"","sfsi_plus_gutenberg_icon_type":"","sfsi_plus_gutenberg_icon_alignemt":"","sfsi_plus_gutenburg_max_per_row":"","footnotes":""},"categories":[2],"tags":[],"class_list":["post-59298","post","type-post","status-publish","format-standard","has-post-thumbnail","hentry","category-geral"],"_links":{"self":[{"href":"https:\/\/www.caririemacao.com\/1\/wp-json\/wp\/v2\/posts\/59298","targetHints":{"allow":["GET"]}}],"collection":[{"href":"https:\/\/www.caririemacao.com\/1\/wp-json\/wp\/v2\/posts"}],"about":[{"href":"https:\/\/www.caririemacao.com\/1\/wp-json\/wp\/v2\/types\/post"}],"author":[{"embeddable":true,"href":"https:\/\/www.caririemacao.com\/1\/wp-json\/wp\/v2\/users\/1"}],"replies":[{"embeddable":true,"href":"https:\/\/www.caririemacao.com\/1\/wp-json\/wp\/v2\/comments?post=59298"}],"version-history":[{"count":1,"href":"https:\/\/www.caririemacao.com\/1\/wp-json\/wp\/v2\/posts\/59298\/revisions"}],"predecessor-version":[{"id":59300,"href":"https:\/\/www.caririemacao.com\/1\/wp-json\/wp\/v2\/posts\/59298\/revisions\/59300"}],"wp:featuredmedia":[{"embeddable":true,"href":"https:\/\/www.caririemacao.com\/1\/wp-json\/wp\/v2\/media\/59299"}],"wp:attachment":[{"href":"https:\/\/www.caririemacao.com\/1\/wp-json\/wp\/v2\/media?parent=59298"}],"wp:term":[{"taxonomy":"category","embeddable":true,"href":"https:\/\/www.caririemacao.com\/1\/wp-json\/wp\/v2\/categories?post=59298"},{"taxonomy":"post_tag","embeddable":true,"href":"https:\/\/www.caririemacao.com\/1\/wp-json\/wp\/v2\/tags?post=59298"}],"curies":[{"name":"wp","href":"https:\/\/api.w.org\/{rel}","templated":true}]}}