{"id":59301,"date":"2018-08-01T08:15:42","date_gmt":"2018-08-01T11:15:42","guid":{"rendered":"http:\/\/caririemacao.com\/1\/?p=59301"},"modified":"2018-08-01T08:15:42","modified_gmt":"2018-08-01T11:15:42","slug":"nao-quero-ser-pretensioso-mas-vamos-ganhar-de-cabo-a-rabo-afirma-veneziano","status":"publish","type":"post","link":"https:\/\/www.caririemacao.com\/1\/2018\/08\/01\/nao-quero-ser-pretensioso-mas-vamos-ganhar-de-cabo-a-rabo-afirma-veneziano\/","title":{"rendered":"N\u00e3o quero ser pretensioso, mas vamos ganhar de &#8216;cabo a rabo&#8217;, afirma Veneziano"},"content":{"rendered":"<header id=\"header\">\n<nav class=\"menu\"><\/nav>\n<\/header>\n<div class=\"pgn-interna\">\n<section class=\"l-noticia\">&#8216;N\u00e3o quero ser pretensioso, mas vamos ganhar de &#8216;cabo a rabo&#8217;. A declara\u00e7\u00e3o foi do\u00a0 deputado federal e pr\u00e9-candidato a senador na chapa do PSB, nas elei\u00e7\u00f5es desse ano, Veneziano Vital.<\/p>\n<p>Ainda segundo o parlamentar, Jo\u00e3o Azevedo, se n\u00e3o ganhar logo no primeiro turno, ter\u00e1 sua vaga garantida no segundo turno.Para justificar a vit\u00f3ria do PSB, Veneziano Vital destacou os investimentos do governador Ricardo Coutinho em todo o Estado. &#8221; Tenho andado essa Para\u00edba na companhia do nosso pr\u00e9-candidato Jo\u00e3o Azevedo e do pr\u00f3prio governador e tenho percebido que o povo que ver a continuidade desse projeto que mudou e revolucionou\u00a0 a Para\u00edba e s\u00a0 vida do seu\u00a0 povo e por onde a gente passa tem obra do Governo do Estado&#8221;, afirmou.<\/p>\n<p>Ainda segundo Veneziano Vital,\u00a0 nos encontros percebe-se a credibilidade do povo no governador Ricardo Coutinho que, segundo ele,\u00a0 vem quebrando paradigmas.\u00a0 &#8220;N\u00e3o \u00e9 brincadeira\u00a0 em um tempo com esse aonde a gente s\u00f3 ver a descren\u00e7a do eleitorado brasileiro\u00a0 na classe pol\u00edtica, voc\u00ea reunir cerca de 3 mil pessoas como aconteceu nas\u00a0 cidades de Pocinhos\u00a0 e Alagoa Grande&#8221;, finalizou.<\/p>\n<p><strong>CARIRI EM A\u00c7\u00c3O<\/strong><\/p>\n<p>Com \u00a0Para\u00edba.com.br \/Foto: Reprodu\u00e7\u00e3o Internet<\/p>\n<p>Leia mais not\u00edcias em\u00a0<a href=\"http:\/\/www.caririemacao.com\/\">caririemacao.com<\/a>, siga nossa p\u00e1gina no\u00a0<a href=\"https:\/\/www.facebook.com\/CaririEmAcao\/?ref=aymt_homepage_panel\">Facebook<\/a>,\u00a0<a href=\"https:\/\/www.instagram.com\/cariri_em_acao\/?hl=pt-br\">Instagram<\/a>\u00a0e <a href=\"https:\/\/www.youtube.com\/channel\/UCAptA0jQuYQy8vMhLt2m4qg\">Youtube<\/a>\u00a0e veja nossas mat\u00e9rias, v\u00eddeos e fotos. Voc\u00ea tamb\u00e9m pode enviar informa\u00e7\u00f5es \u00e0 Reda\u00e7\u00e3o do Portal Cariri em A\u00e7\u00e3o pelo WhatsApp (83) 9 9634.5791, (83) 9 9601-1162.<\/p>\n<\/section>\n<\/div>\n","protected":false},"excerpt":{"rendered":"<p>&#8216;N\u00e3o quero ser pretensioso, mas vamos ganhar de &#8216;cabo a rabo&#8217;. A declara\u00e7\u00e3o foi do\u00a0 deputado federal e pr\u00e9-candidato a senador na chapa do PSB,&hellip; <\/p>\n","protected":false},"author":1,"featured_media":33425,"comment_status":"closed","ping_status":"closed","sticky":false,"template":"","format":"standard","meta":{"sfsi_plus_gutenberg_text_before_share":"","sfsi_plus_gutenberg_show_text_before_share":"","sfsi_plus_gutenberg_icon_type":"","sfsi_plus_gutenberg_icon_alignemt":"","sfsi_plus_gutenburg_max_per_row":"","footnotes":""},"categories":[1],"tags":[],"class_list":["post-59301","post","type-post","status-publish","format-standard","has-post-thumbnail","hentry","category-o-site"],"_links":{"self":[{"href":"https:\/\/www.caririemacao.com\/1\/wp-json\/wp\/v2\/posts\/59301","targetHints":{"allow":["GET"]}}],"collection":[{"href":"https:\/\/www.caririemacao.com\/1\/wp-json\/wp\/v2\/posts"}],"about":[{"href":"https:\/\/www.caririemacao.com\/1\/wp-json\/wp\/v2\/types\/post"}],"author":[{"embeddable":true,"href":"https:\/\/www.caririemacao.com\/1\/wp-json\/wp\/v2\/users\/1"}],"replies":[{"embeddable":true,"href":"https:\/\/www.caririemacao.com\/1\/wp-json\/wp\/v2\/comments?post=59301"}],"version-history":[{"count":1,"href":"https:\/\/www.caririemacao.com\/1\/wp-json\/wp\/v2\/posts\/59301\/revisions"}],"predecessor-version":[{"id":59302,"href":"https:\/\/www.caririemacao.com\/1\/wp-json\/wp\/v2\/posts\/59301\/revisions\/59302"}],"wp:featuredmedia":[{"embeddable":true,"href":"https:\/\/www.caririemacao.com\/1\/wp-json\/wp\/v2\/media\/33425"}],"wp:attachment":[{"href":"https:\/\/www.caririemacao.com\/1\/wp-json\/wp\/v2\/media?parent=59301"}],"wp:term":[{"taxonomy":"category","embeddable":true,"href":"https:\/\/www.caririemacao.com\/1\/wp-json\/wp\/v2\/categories?post=59301"},{"taxonomy":"post_tag","embeddable":true,"href":"https:\/\/www.caririemacao.com\/1\/wp-json\/wp\/v2\/tags?post=59301"}],"curies":[{"name":"wp","href":"https:\/\/api.w.org\/{rel}","templated":true}]}}