{"id":59305,"date":"2018-08-01T08:20:24","date_gmt":"2018-08-01T11:20:24","guid":{"rendered":"http:\/\/caririemacao.com\/1\/?p=59305"},"modified":"2018-08-01T08:20:24","modified_gmt":"2018-08-01T11:20:24","slug":"gremio-e-flamengo-duelam-pelas-quartas-de-final-da-copa-do-brasil","status":"publish","type":"post","link":"https:\/\/www.caririemacao.com\/1\/2018\/08\/01\/gremio-e-flamengo-duelam-pelas-quartas-de-final-da-copa-do-brasil\/","title":{"rendered":"Gr\u00eamio e Flamengo duelam pelas quartas de final da Copa do Brasil"},"content":{"rendered":"<p>Gr\u00eamio e Flamengo iniciam nesta quarta-feira, \u00e0s 21h45, em Porto Alegre, a disputa de vaga nas semifinais da Copa do Brasil. Ser\u00e1 o s\u00e9timo mata-mata entre ga\u00fachos e cariocas no torneio nacional.<\/p>\n<p>O longo hist\u00f3rico de rivalidade entre Gr\u00eamio e Flamengo tamb\u00e9m entra na conta da Copa do Brasil. O time ga\u00facho venceu quatro disputas e perdeu duas. O mais importante duelo pelo torneio foi a final de 1997, na qual o Gr\u00eamio conquistou o t\u00edtulo com um empate por 2 a 2 no Maracan\u00e3.<\/p>\n<p>Nas \u00faltimas duas vezes que se encontraram na Copa do Brasil, contudo, foi o Flamengo quem levou a melhor. Em 1999, ganhou o confronto nas oitavas e de final e, cinco anos depois, nas quartas.<\/p>\n<p>O Flamengo tamb\u00e9m ganhou a \u00fanica final de um Campeonato Brasileiro entre as equipes. Na decis\u00e3o de 1982, o time carioca ficou com o t\u00edtulo gra\u00e7as a uma vit\u00f3ria por 1 a 0 na terceira partida, disputada no antigo est\u00e1dio Ol\u00edmpico.<\/p>\n<p>Assim como ocorria no in\u00edcio da d\u00e9cada de 1980, Flamengo e Gr\u00eamio tamb\u00e9m chegam para o confronto desta quarta com seus times entre os melhores do pa\u00eds. Enquanto os cariocas s\u00e3o os l\u00edderes do Campeonato Brasileiro, os ga\u00fachos s\u00e3o os atuais campe\u00f5es da Libertadores e da Copa do Brasil.<\/p>\n<p>Para essa partida, o Flamengo ter\u00e1 sua forma\u00e7\u00e3o principal. O \u00fanico desfalque ser\u00e1 no banco de reservas, com a aus\u00eancia de Guerrero, com uma les\u00e3o na coxa esquerda. Em compensa\u00e7\u00e3o, o rec\u00e9m-contratado Vitinho j\u00e1 foi inscrito e deve ser op\u00e7\u00e3o para o t\u00e9cnico Maur\u00edcio Barbieri.<\/p>\n<p>Apesar de disputar v\u00e1rias competi\u00e7\u00f5es simultaneamente -ainda est\u00e1 nas oitavas da Libertadores-, Barbieri garante o foco no duelo de Porto Alegre e diz que o Flamengo est\u00e1 se preparando para superar o estilo de jogo do Gr\u00eamio, que vem obtendo sucesso desde 2017.<\/p>\n<p>&#8220;O Gr\u00eamio gosta de dominar o advers\u00e1rio e temos que encontrar maneiras de n\u00e3o deixar o Gr\u00eamio confort\u00e1vel no jogo. Temos que impor nosso jogo. Ao mesmo tempo que eles gostam de ficar com a bola, possuem dificuldades quando n\u00e3o a tem&#8221;, explicou Barbieri.<\/p>\n<p>O time de Porto Alegre tamb\u00e9m contar\u00e1 com todos os seus jogadores titulares. No fim de semana passada, o t\u00e9cnico Renato Ga\u00facho poupou os atletas no jogo contra a Chapecoense, pelo Brasileiro, para t\u00ea-los descansados para o importante confronto. A d\u00favida est\u00e1 no comando do ataque entre Andr\u00e9 e Jael.<\/p>\n<p>Ramiro elogiou o Flamengo e disse que o Gr\u00eamio precisa de cuidado para conter a agilidade ofensiva dos rubro-negros. &#8220;\u00c9 uma equipe muito equilibrada, tem uma boa defesa, um bom meio-campo, um bom ataque. Eles t\u00eam um ataque r\u00e1pido e letal. Vai ser um jogo bem jogado, com duas equipes que buscam o gol do in\u00edcio ao fim.&#8221;<\/p>\n<p>GR\u00caMIO<\/p>\n<p>Marcelo Grohe; Leo Moura, Geromel, Kannemann, Cortez; Maicon, C\u00edcero, Ramiro, Luan; Andr\u00e9, Everton. T.: Renato Ga\u00facho<\/p>\n<p>FLAMENGO<\/p>\n<p>Diego Alves; Rodinei, R\u00e9ver, L\u00e9o Duarte, Ren\u00ea; Cu\u00e9llar, Lucas Paquet\u00e1, Diego, Everton Ribeiro; Uribe, Marlos Moreno. T.: Maur\u00edcio Barbieri<\/p>\n<p>Est\u00e1dio: Arena do Gr\u00eamio<\/p>\n<p>Hor\u00e1rio: 21h45 desta quarta<\/p>\n<p>Juiz: Raphael Claus (SP)<\/p>\n<p><strong>CARIRI EM A\u00c7\u00c3O<\/strong><\/p>\n<p>Com Folhapress\/Foto: Reprodu\u00e7\u00e3o Internet<\/p>\n<p>Leia mais not\u00edcias em\u00a0<a href=\"http:\/\/www.caririemacao.com\/\">caririemacao.com<\/a>, siga nossa p\u00e1gina no\u00a0<a href=\"https:\/\/www.facebook.com\/CaririEmAcao\/?ref=aymt_homepage_panel\">Facebook<\/a>,\u00a0<a href=\"https:\/\/www.instagram.com\/cariri_em_acao\/?hl=pt-br\">Instagram<\/a>\u00a0e <a href=\"https:\/\/www.youtube.com\/channel\/UCAptA0jQuYQy8vMhLt2m4qg\">Youtube<\/a>\u00a0e veja nossas mat\u00e9rias, v\u00eddeos e fotos. Voc\u00ea tamb\u00e9m pode enviar informa\u00e7\u00f5es \u00e0 Reda\u00e7\u00e3o do Portal Cariri em A\u00e7\u00e3o pelo WhatsApp (83) 9 9634.5791, (83) 9 9601-1162.<\/p>\n","protected":false},"excerpt":{"rendered":"<p>Gr\u00eamio e Flamengo iniciam nesta quarta-feira, \u00e0s 21h45, em Porto Alegre, a disputa de vaga nas semifinais da Copa do Brasil. Ser\u00e1 o s\u00e9timo mata-mata&hellip; <\/p>\n","protected":false},"author":1,"featured_media":59306,"comment_status":"closed","ping_status":"closed","sticky":false,"template":"","format":"standard","meta":{"sfsi_plus_gutenberg_text_before_share":"","sfsi_plus_gutenberg_show_text_before_share":"","sfsi_plus_gutenberg_icon_type":"","sfsi_plus_gutenberg_icon_alignemt":"","sfsi_plus_gutenburg_max_per_row":"","footnotes":""},"categories":[13],"tags":[],"class_list":["post-59305","post","type-post","status-publish","format-standard","has-post-thumbnail","hentry","category-esportes"],"_links":{"self":[{"href":"https:\/\/www.caririemacao.com\/1\/wp-json\/wp\/v2\/posts\/59305","targetHints":{"allow":["GET"]}}],"collection":[{"href":"https:\/\/www.caririemacao.com\/1\/wp-json\/wp\/v2\/posts"}],"about":[{"href":"https:\/\/www.caririemacao.com\/1\/wp-json\/wp\/v2\/types\/post"}],"author":[{"embeddable":true,"href":"https:\/\/www.caririemacao.com\/1\/wp-json\/wp\/v2\/users\/1"}],"replies":[{"embeddable":true,"href":"https:\/\/www.caririemacao.com\/1\/wp-json\/wp\/v2\/comments?post=59305"}],"version-history":[{"count":1,"href":"https:\/\/www.caririemacao.com\/1\/wp-json\/wp\/v2\/posts\/59305\/revisions"}],"predecessor-version":[{"id":59307,"href":"https:\/\/www.caririemacao.com\/1\/wp-json\/wp\/v2\/posts\/59305\/revisions\/59307"}],"wp:featuredmedia":[{"embeddable":true,"href":"https:\/\/www.caririemacao.com\/1\/wp-json\/wp\/v2\/media\/59306"}],"wp:attachment":[{"href":"https:\/\/www.caririemacao.com\/1\/wp-json\/wp\/v2\/media?parent=59305"}],"wp:term":[{"taxonomy":"category","embeddable":true,"href":"https:\/\/www.caririemacao.com\/1\/wp-json\/wp\/v2\/categories?post=59305"},{"taxonomy":"post_tag","embeddable":true,"href":"https:\/\/www.caririemacao.com\/1\/wp-json\/wp\/v2\/tags?post=59305"}],"curies":[{"name":"wp","href":"https:\/\/api.w.org\/{rel}","templated":true}]}}