{"id":59312,"date":"2018-08-01T08:39:37","date_gmt":"2018-08-01T11:39:37","guid":{"rendered":"http:\/\/caririemacao.com\/1\/?p=59312"},"modified":"2018-08-01T08:39:37","modified_gmt":"2018-08-01T11:39:37","slug":"governo-vai-manter-subsidio-de-r-046-do-diesel-ate-o-fim-do-ano","status":"publish","type":"post","link":"https:\/\/www.caririemacao.com\/1\/2018\/08\/01\/governo-vai-manter-subsidio-de-r-046-do-diesel-ate-o-fim-do-ano\/","title":{"rendered":"Governo vai manter subs\u00eddio de R$ 0,46 do diesel at\u00e9 o fim do ano"},"content":{"rendered":"<div class=\"noticiacorpo\">\n<p>O ministro-chefe da Casa Civil, Eliseu Padilha, disse ontem (31) que o governo federal continuar\u00e1 contribuindo com o desconto de R$ 0,46 no pre\u00e7o do diesel. Segundo ele, o subs\u00eddio continuar\u00e1 at\u00e9 31 de dezembro. \u201cOs R$ 0,46 ser\u00e3o mantidos at\u00e9 o dia 31 de dezembro. Em outras palavras, o subs\u00eddio que o governo garantiu aos caminhoneiros vai vigorar at\u00e9 31 de dezembro de 2018\u201d.<\/p>\n<p>Segundo Padilha, agora ser\u00e1 feito um c\u00e1lculo da varia\u00e7\u00e3o do pre\u00e7o do petr\u00f3leo e do \u00f3leo diesel no mercado internacional. Isso significa que o pre\u00e7o do diesel pode aumentar, a depender do mercado internacional, mas o governo continuar\u00e1 mantendo o desconto de R$ 0,46.<\/p>\n<p>Esta \u00e9 a primeira revis\u00e3o feita nos pre\u00e7os do combust\u00edvel desde o acordo entre governo e caminhoneiros. A partir de agora, a revis\u00e3o ser\u00e1 feita de 30 em 30 dias at\u00e9 o fim do ano.<\/p>\n<p>\u201c\u00c9 \u00f3bvio que, se no pre\u00e7o internacional, tivermos varia\u00e7\u00e3o em cada um dos meses [poder\u00e1 aumentar o pre\u00e7o]. Depois, [a revis\u00e3o] ser\u00e1 de 30 em 30 dias. Se, nos 30 dias, a avalia\u00e7\u00e3o for positiva, poder\u00e1 haver aumento\u201d, completou o ministro.<\/p>\n<p>O desconto de R$ 0,46 sobre o litro do diesel foi um dos pontos negociados pelo governo federal com as lideran\u00e7as do movimento de caminhoneiros para tentar p\u00f4r fim \u00e0 paralisa\u00e7\u00e3o iniciada no dia 21 de maio. Na ocasi\u00e3o, milhares de caminhoneiros pararam seus ve\u00edculos nas estradas e n\u00e3o distribu\u00edram mercadoria, causando crise de desabastecimento de v\u00e1rios itens, como combust\u00edvel e alimentos, em todo o pa\u00eds.<\/p>\n<\/div>\n<p><strong>CARIRI EM A\u00c7\u00c3O<\/strong><\/p>\n<p>Com Ag\u00eancia Brasil\/Foto: Reprodu\u00e7\u00e3o Internet<\/p>\n<p>Leia mais not\u00edcias em\u00a0<a href=\"http:\/\/www.caririemacao.com\/\">caririemacao.com<\/a>, siga nossa p\u00e1gina no\u00a0<a href=\"https:\/\/www.facebook.com\/CaririEmAcao\/?ref=aymt_homepage_panel\">Facebook<\/a>,\u00a0<a href=\"https:\/\/www.instagram.com\/cariri_em_acao\/?hl=pt-br\">Instagram<\/a>\u00a0e <a href=\"https:\/\/www.youtube.com\/channel\/UCAptA0jQuYQy8vMhLt2m4qg\">Youtube<\/a>\u00a0e veja nossas mat\u00e9rias, v\u00eddeos e fotos. Voc\u00ea tamb\u00e9m pode enviar informa\u00e7\u00f5es \u00e0 Reda\u00e7\u00e3o do Portal Cariri em A\u00e7\u00e3o pelo WhatsApp (83) 9 9634.5791, (83) 9 9601-1162.<\/p>\n","protected":false},"excerpt":{"rendered":"<p>O ministro-chefe da Casa Civil, Eliseu Padilha, disse ontem (31) que o governo federal continuar\u00e1 contribuindo com o desconto de R$ 0,46 no pre\u00e7o do&hellip; <\/p>\n","protected":false},"author":1,"featured_media":37160,"comment_status":"closed","ping_status":"closed","sticky":false,"template":"","format":"standard","meta":{"sfsi_plus_gutenberg_text_before_share":"","sfsi_plus_gutenberg_show_text_before_share":"","sfsi_plus_gutenberg_icon_type":"","sfsi_plus_gutenberg_icon_alignemt":"","sfsi_plus_gutenburg_max_per_row":"","footnotes":""},"categories":[2],"tags":[],"class_list":["post-59312","post","type-post","status-publish","format-standard","has-post-thumbnail","hentry","category-geral"],"_links":{"self":[{"href":"https:\/\/www.caririemacao.com\/1\/wp-json\/wp\/v2\/posts\/59312","targetHints":{"allow":["GET"]}}],"collection":[{"href":"https:\/\/www.caririemacao.com\/1\/wp-json\/wp\/v2\/posts"}],"about":[{"href":"https:\/\/www.caririemacao.com\/1\/wp-json\/wp\/v2\/types\/post"}],"author":[{"embeddable":true,"href":"https:\/\/www.caririemacao.com\/1\/wp-json\/wp\/v2\/users\/1"}],"replies":[{"embeddable":true,"href":"https:\/\/www.caririemacao.com\/1\/wp-json\/wp\/v2\/comments?post=59312"}],"version-history":[{"count":1,"href":"https:\/\/www.caririemacao.com\/1\/wp-json\/wp\/v2\/posts\/59312\/revisions"}],"predecessor-version":[{"id":59317,"href":"https:\/\/www.caririemacao.com\/1\/wp-json\/wp\/v2\/posts\/59312\/revisions\/59317"}],"wp:featuredmedia":[{"embeddable":true,"href":"https:\/\/www.caririemacao.com\/1\/wp-json\/wp\/v2\/media\/37160"}],"wp:attachment":[{"href":"https:\/\/www.caririemacao.com\/1\/wp-json\/wp\/v2\/media?parent=59312"}],"wp:term":[{"taxonomy":"category","embeddable":true,"href":"https:\/\/www.caririemacao.com\/1\/wp-json\/wp\/v2\/categories?post=59312"},{"taxonomy":"post_tag","embeddable":true,"href":"https:\/\/www.caririemacao.com\/1\/wp-json\/wp\/v2\/tags?post=59312"}],"curies":[{"name":"wp","href":"https:\/\/api.w.org\/{rel}","templated":true}]}}