{"id":59319,"date":"2018-08-01T08:45:19","date_gmt":"2018-08-01T11:45:19","guid":{"rendered":"http:\/\/caririemacao.com\/1\/?p=59319"},"modified":"2018-08-01T08:52:55","modified_gmt":"2018-08-01T11:52:55","slug":"mpe-pede-cassacao-de-lucelio-e-manoel-junior","status":"publish","type":"post","link":"https:\/\/www.caririemacao.com\/1\/2018\/08\/01\/mpe-pede-cassacao-de-lucelio-e-manoel-junior\/","title":{"rendered":"MPE pede cassa\u00e7\u00e3o de Luc\u00e9lio e Manoel J\u00fanior"},"content":{"rendered":"<div class=\"mc-column content-text active-extra-styles active-capital-letter\" data-block-type=\"unstyled\" data-block-weight=\"52\" data-block-id=\"2\">\n<p class=\"content-text__container theme-color-primary-first-letter\" data-track-category=\"Link no Texto\" data-track-links=\"\">O Minist\u00e9rio P\u00fablico Eleitoral emitiu parecer favor\u00e1vel \u00e0 cassa\u00e7\u00e3o e \u00e0 inelegibilidade do atual prefeito de Jo\u00e3o Pessoa, Luciano Cartaxo, e do vice-prefeito, Manoel J\u00fanior, nesta ter\u00e7a-feira (31), segundo o promotor eleitoral Jos\u00e9 Arlindo Corr\u00eaa, da 77\u00aa zona eleitoral. A decis\u00e3o \u00e9 referente a supostas irregularidades apontadas durante as elei\u00e7\u00f5es de 2016.<\/p>\n<\/div>\n<div class=\"wall\">\n<div class=\"mc-column content-text active-extra-styles \" data-block-type=\"unstyled\" data-block-weight=\"52\" data-block-id=\"3\">\n<p class=\"content-text__container \" data-track-category=\"Link no Texto\" data-track-links=\"\">O advogado da chapa declarou que a defesa est\u00e1 tranquila, porque, de acordo com ele, n\u00e3o houve ilegalidade no processo eleitoral de 2016 e todas as contrata\u00e7\u00f5es foram rigorosas. Rodrigo Farias afirmou ainda que entende o posicionamento do Minist\u00e9rio P\u00fablico, mas que h\u00e1 provas de que o processo ocorreu de forma legal.<\/p>\n<\/div>\n<div class=\"mc-column content-text active-extra-styles \" data-block-type=\"unstyled\" data-block-weight=\"50\" data-block-id=\"4\">\n<p class=\"content-text__container \" data-track-category=\"Link no Texto\" data-track-links=\"\">Conforme informou o promotor Jos\u00e9 Arlindo, uma a\u00e7\u00e3o de investiga\u00e7\u00e3o judicial eleitoral (AIJE) foi instaurada em 2016. O processo \u00e9 referente \u00e0s suspeitas de abuso de poder econ\u00f4mico e contrata\u00e7\u00e3o irregular de servidores. \u201cCom um aumento consider\u00e1vel de servidores na Prefeitura [de Jo\u00e3o Pessoa], no momento anterior \u00e0 elei\u00e7\u00e3o\u201d, disse.<\/p>\n<\/div>\n<div class=\"mc-column content-text active-extra-styles \" data-block-type=\"unstyled\" data-block-weight=\"34\" data-block-id=\"5\">\n<p class=\"content-text__container \" data-track-category=\"Link no Texto\" data-track-links=\"\">\u201cConclu\u00edda a fase processual, eu requeri que fosse julgada procedente a AIJE, decretando-se a cassa\u00e7\u00e3o e a inelegibilidade dos ent\u00e3o candidatos a prefeito e vice-prefeito, respectivamente, Luciano Cartaxo e Manoel J\u00fanior\u201d, pontuou o promotor.<\/p>\n<\/div>\n<div class=\"mc-column content-text active-extra-styles \" data-block-type=\"unstyled\" data-block-weight=\"27\" data-block-id=\"6\">\n<p class=\"content-text__container \" data-track-category=\"Link no Texto\" data-track-links=\"\">Em 2016, Luciano Cartaxo era candidato \u00e0 reelei\u00e7\u00e3o para a Prefeitura de Jo\u00e3o Pessoa, enquanto Manoel J\u00fanior estava concorrendo apenas \u00e0 elei\u00e7\u00e3o para o cargo de vice.<\/p>\n<\/div>\n<\/div>\n<div data-track-category=\"fim do conteudo\" data-track-action=\"ultimo chunk conteudo\" data-track-noninteraction=\"false\" data-track-scroll=\"entrada completa viewport\">\n<div class=\"mc-column content-text active-extra-styles \" data-block-type=\"unstyled\" data-block-weight=\"26\" data-block-id=\"7\">\n<p class=\"content-text__container \" data-track-category=\"Link no Texto\" data-track-links=\"\">O processo deve ser julgado pelo juiz da 77\u00aa zona eleitoral, Manoel Gon\u00e7alves Abrantes, que ir\u00e1 definir uma senten\u00e7a. No entanto, ainda haver\u00e1 espa\u00e7o para recursos.<\/p>\n<p><strong>CARIRI EM A\u00c7\u00c3O<\/strong><\/p>\n<p>Com G1 \/Foto: Reprodu\u00e7\u00e3o Internet<\/p>\n<p>Leia mais not\u00edcias em\u00a0<a href=\"http:\/\/www.caririemacao.com\/\">caririemacao.com<\/a>, siga nossa p\u00e1gina no\u00a0<a href=\"https:\/\/www.facebook.com\/CaririEmAcao\/?ref=aymt_homepage_panel\">Facebook<\/a>,\u00a0<a href=\"https:\/\/www.instagram.com\/cariri_em_acao\/?hl=pt-br\">Instagram<\/a>\u00a0e <a href=\"https:\/\/www.youtube.com\/channel\/UCAptA0jQuYQy8vMhLt2m4qg\">Youtube<\/a>\u00a0e veja nossas mat\u00e9rias, v\u00eddeos e fotos. Voc\u00ea tamb\u00e9m pode enviar informa\u00e7\u00f5es \u00e0 Reda\u00e7\u00e3o do Portal Cariri em A\u00e7\u00e3o pelo WhatsApp (83) 9 9634.5791, (83) 9 9601-1162.<\/p>\n<\/div>\n<\/div>\n","protected":false},"excerpt":{"rendered":"<p>O Minist\u00e9rio P\u00fablico Eleitoral emitiu parecer favor\u00e1vel \u00e0 cassa\u00e7\u00e3o e \u00e0 inelegibilidade do atual prefeito de Jo\u00e3o Pessoa, Luciano Cartaxo, e do vice-prefeito, Manoel J\u00fanior,&hellip; <\/p>\n","protected":false},"author":1,"featured_media":58366,"comment_status":"closed","ping_status":"closed","sticky":false,"template":"","format":"standard","meta":{"sfsi_plus_gutenberg_text_before_share":"","sfsi_plus_gutenberg_show_text_before_share":"","sfsi_plus_gutenberg_icon_type":"","sfsi_plus_gutenberg_icon_alignemt":"","sfsi_plus_gutenburg_max_per_row":"","footnotes":""},"categories":[11],"tags":[],"class_list":["post-59319","post","type-post","status-publish","format-standard","has-post-thumbnail","hentry","category-politica"],"_links":{"self":[{"href":"https:\/\/www.caririemacao.com\/1\/wp-json\/wp\/v2\/posts\/59319","targetHints":{"allow":["GET"]}}],"collection":[{"href":"https:\/\/www.caririemacao.com\/1\/wp-json\/wp\/v2\/posts"}],"about":[{"href":"https:\/\/www.caririemacao.com\/1\/wp-json\/wp\/v2\/types\/post"}],"author":[{"embeddable":true,"href":"https:\/\/www.caririemacao.com\/1\/wp-json\/wp\/v2\/users\/1"}],"replies":[{"embeddable":true,"href":"https:\/\/www.caririemacao.com\/1\/wp-json\/wp\/v2\/comments?post=59319"}],"version-history":[{"count":1,"href":"https:\/\/www.caririemacao.com\/1\/wp-json\/wp\/v2\/posts\/59319\/revisions"}],"predecessor-version":[{"id":59320,"href":"https:\/\/www.caririemacao.com\/1\/wp-json\/wp\/v2\/posts\/59319\/revisions\/59320"}],"wp:featuredmedia":[{"embeddable":true,"href":"https:\/\/www.caririemacao.com\/1\/wp-json\/wp\/v2\/media\/58366"}],"wp:attachment":[{"href":"https:\/\/www.caririemacao.com\/1\/wp-json\/wp\/v2\/media?parent=59319"}],"wp:term":[{"taxonomy":"category","embeddable":true,"href":"https:\/\/www.caririemacao.com\/1\/wp-json\/wp\/v2\/categories?post=59319"},{"taxonomy":"post_tag","embeddable":true,"href":"https:\/\/www.caririemacao.com\/1\/wp-json\/wp\/v2\/tags?post=59319"}],"curies":[{"name":"wp","href":"https:\/\/api.w.org\/{rel}","templated":true}]}}