{"id":59321,"date":"2018-08-01T08:52:24","date_gmt":"2018-08-01T11:52:24","guid":{"rendered":"http:\/\/caririemacao.com\/1\/?p=59321"},"modified":"2018-08-01T08:52:24","modified_gmt":"2018-08-01T11:52:24","slug":"dodge-diz-que-lula-desprezou-ideais-republicanos-e-defende-prisao-de-petista","status":"publish","type":"post","link":"https:\/\/www.caririemacao.com\/1\/2018\/08\/01\/dodge-diz-que-lula-desprezou-ideais-republicanos-e-defende-prisao-de-petista\/","title":{"rendered":"Dodge diz que Lula desprezou &#8220;ideais republicanos&#8221; e defende pris\u00e3o de petista"},"content":{"rendered":"<p>A procuradora-geral da Rep\u00fablica, Raquel Dodge, se manifestou contra recurso feito pela defesa do ex-presidente Luiz In\u00e1cio Lula da Silva (PT) ao STF (Supremo Tribunal Federal) para tentar suspender sua pris\u00e3o.<\/p>\n<p>Os advogados do ex-presidente querem que o Supremo conceda efeito suspensivo &#8211;ou seja, que suspenda a execu\u00e7\u00e3o da pena&#8211; ao recurso feito \u00e0 Corte contra a condena\u00e7\u00e3o de Lula em segunda inst\u00e2ncia no chamado caso do tr\u00edplex, da Opera\u00e7\u00e3o Lava Jato.<\/p>\n<p>Em nota, o advogado Cristiano Zanin\u00a0Martins, que defende Lula, disse que a manifesta\u00e7\u00e3o da PGR (Procuradoria-Geral da Rep\u00fablica) &#8220;n\u00e3o consegue esconder que a condena\u00e7\u00e3o do ex-presidente Lula foi baseada exclusivamente no depoimento de um corr\u00e9u que exerceu o direito de mentir e por isso \u00e9 ileg\u00edtima e incompat\u00edvel com a Constitui\u00e7\u00e3o Federal e com a lei&#8221;.<\/p>\n<p>Em documento de quase 80 p\u00e1ginas enviado ao Supremo no \u00faltimo dia 26 de julho e anexado ao processo nesta ter\u00e7a (31), Dodge fez duras cr\u00edticas a Lula, dizendo que o ex-presidente &#8220;demonstrou desprezo aos ideais republicanos que prometeu cumprir como chefe de Estado&#8221; e &#8220;frustrou as expectativas de milh\u00f5es de brasileiros&#8221; ao usar o cargo &#8220;para obter vantagem financeira&#8221;.<\/p>\n<p>A procuradora-geral defendeu a condena\u00e7\u00e3o de 12 anos e um m\u00eas dada ao petista pelos crimes de corrup\u00e7\u00e3o passiva e lavagem de dinheiro.<\/p>\n<p><cite>Luiz In\u00e1cio Lula da Silva foi eleito para o mais alto cargo do Executivo Federal com um ferrenho discurso anticorrup\u00e7\u00e3o, alardeando sua honestidade e prometendo combate aos dilapidadores dos cofres p\u00fablicos. Elegeu-se em virtude de sua ret\u00f3rica de probidade e retid\u00e3o. Tais fatos elevam sobremaneira o grau de censurabilidade da conduta do recorrente e devem ser punidos \u00e0 altura.<\/cite><\/p>\n<p><strong>Raquel Dodge, procuradora-geral da Rep\u00fablica<\/strong><\/p>\n<p>O recurso ainda n\u00e3o tem data para ser julgado. Cabe \u00e0 presidente do STF, ministra C\u00e1rmen L\u00facia, incluir o caso na pauta do plen\u00e1rio. Antes disso, no entanto, a defesa de Lula ainda precisa responder a um pedido de esclarecimento do ministro Edson Fachin, relator do recurso, dizendo se quer ou n\u00e3o que a quest\u00e3o da poss\u00edvel inelegibilidade de Lula seja analisada.\u00a0A Corte encerra seu recesso nesta quarta-feira (1\u00ba).<\/p>\n<h3>Fachin levou caso ao plen\u00e1rio<\/h3>\n<p>Os recursos de Lula ao STF e ao STJ (Superior Tribunal de Justi\u00e7a) passaram por um ju\u00edzo de admissibilidade no TRF-4 (Tribunal Regional Federal da 4\u00aa Regi\u00e3o), onde o ex-presidente foi condenado em segunda inst\u00e2ncia,\u00a0e o recurso ao Supremo n\u00e3o foi admitido.\u00a0A defesa de Lula nega que haja provas dos crimes imputados ao ex-presidente.<\/p>\n<p>Por causa disso, o ministro Edson Fachin, do STF, tinha julgado &#8220;prejudicado&#8221; o pedido de efeito suspensivo feito pela defesa de Lula, que recorreu da decis\u00e3o e pediu para o assunto ser julgado na Segunda Turma do Supremo.\u00a0Fachin optou por submeter o recurso ao plen\u00e1rio do STF, o que gerou\u00a0acusa\u00e7\u00f5es de &#8220;manobra&#8221; por parte do PT.<\/p>\n<p>Para Dodge, o recurso contra a decis\u00e3o de Fachin sequer deve ser analisado\u00a0pelo plen\u00e1rio, j\u00e1 que o pedido da defesa de Lula &#8220;perdeu seu objeto&#8221;.<\/p>\n<p>Se for analisado, a procuradora-geral pede que n\u00e3o seja aceito, j\u00e1 que o recurso ao STF contra a condena\u00e7\u00e3o no caso do tr\u00edplex n\u00e3o foi admitido pelo TRF-4 &#8220;e n\u00e3o ostenta plausibilidade jur\u00eddica&#8221;.<\/p>\n<p>No recurso para suspender a execu\u00e7\u00e3o da pena de Lula, a defesa diz que v\u00e1rios princ\u00edpios constitucionais foram violados, como a presun\u00e7\u00e3o de inoc\u00eancia e o direito \u00e0 ampla defesa. Os advogados tamb\u00e9m afirmam que n\u00e3o \u00e9 poss\u00edvel atribuir a Lula\u00a0o crime de corrup\u00e7\u00e3o no caso do tr\u00edplex.<\/p>\n<p>Para Dodge, &#8220;h\u00e1 material probat\u00f3rio farto&#8221; segundo o qual a construtora OAS concedeu a Lula &#8220;a posse e a propriedade de fato&#8221; do tr\u00edplex no Guaruj\u00e1 (SP), &#8220;bem como a respectiva reforma para adapt\u00e1-lo, somente n\u00e3o lhe tendo transferido o bem formalmente como um ardil voltado a ocultar o crime de corrup\u00e7\u00e3o passiva anterior&#8221;.<\/p>\n<p>Ainda de acordo com a procuradora-geral, &#8220;o recebimento indevido, por Luiz In\u00e1cio Lula da Silva, de bem im\u00f3vel e de sua reforma se deu em retribui\u00e7\u00e3o a um conjunto de atos de of\u00edcio por ele praticados na ent\u00e3o condi\u00e7\u00e3o de Presidente da Rep\u00fablica, em especial a indica\u00e7\u00e3o e manuten\u00e7\u00e3o, em cargos de dire\u00e7\u00e3o da Petrobr\u00e1s, de pessoas comprometidas com ato de corrup\u00e7\u00e3o.&#8221;<\/p>\n<p>Dodge reservou as palavras mais duras contra Lula ao contestar as alega\u00e7\u00f5es da defesa contra o tamanho da pena imputada ao ex-presidente. Segundo ela, se &#8220;est\u00e1 diante de crimes praticados por ex-Presidente\u00a0da Rep\u00fablica no \u00e2mbito do maior esc\u00e2ndalo de corrup\u00e7\u00e3o que o Brasil j\u00e1 conheceu \u2013 e um dos maiores da hist\u00f3ria mundial. Trata-se de caso que demanda uma puni\u00e7\u00e3o proporcional a essas caracter\u00edsticas.&#8221;<\/p>\n<p><cite>\u00c9 preciso compreender que a lei tem par\u00e2metros m\u00ednimos e m\u00e1ximos, pois as condutas ostentam graus de censura. Se h\u00e1 um caso na hist\u00f3ria em que as penas deveriam se aproximar da m\u00e1xima, \u00e9 este.<\/cite><\/p>\n<p><strong>Raquel Dodge, procuradora-geral da Rep\u00fablica<\/strong><\/p>\n<p>A condena\u00e7\u00e3o por corrup\u00e7\u00e3o e lavagem de dinheiro deixa Lula, em tese, ineleg\u00edvel pelos crit\u00e9rios da Lei da Ficha Limpa. Mesmo assim, o PT afirma que vai registrar Lula como seu candidato a presidente nas elei\u00e7\u00f5es deste ano, o que pode ser feito entre os dias 5 e 15 de agosto. A legalidade da candidatura depender\u00e1 de an\u00e1lise da Justi\u00e7a Eleitoral.<\/p>\n<p>Mesmo preso e potencialmente ineleg\u00edvel, Lula continua liderando as pesquisas de inten\u00e7\u00e3o de voto nos cen\u00e1rios em que seu nome \u00e9 apresentado aos entrevistados. Sem Lula, o l\u00edder \u00e9 o deputado federal Jair Bolsonaro, candidato do PSL.<\/p>\n<p><strong>CARIRI EM A\u00c7\u00c3O<\/strong><\/p>\n<p>Com Uol \/Foto: Reprodu\u00e7\u00e3o Internet, Divulga\u00e7\u00e3o<\/p>\n<p>Leia mais not\u00edcias em\u00a0<a href=\"http:\/\/www.caririemacao.com\/\">caririemacao.com<\/a>, siga nossa p\u00e1gina no\u00a0<a href=\"https:\/\/www.facebook.com\/CaririEmAcao\/?ref=aymt_homepage_panel\">Facebook<\/a>,\u00a0<a href=\"https:\/\/www.instagram.com\/cariri_em_acao\/?hl=pt-br\">Instagram<\/a>\u00a0e <a href=\"https:\/\/www.youtube.com\/channel\/UCAptA0jQuYQy8vMhLt2m4qg\">Youtube<\/a>\u00a0e veja nossas mat\u00e9rias, v\u00eddeos e fotos. Voc\u00ea tamb\u00e9m pode enviar informa\u00e7\u00f5es \u00e0 Reda\u00e7\u00e3o do Portal Cariri em A\u00e7\u00e3o pelo WhatsApp (83) 9 9634.5791, (83) 9 9601-1162.<\/p>\n","protected":false},"excerpt":{"rendered":"<p>A procuradora-geral da Rep\u00fablica, Raquel Dodge, se manifestou contra recurso feito pela defesa do ex-presidente Luiz In\u00e1cio Lula da Silva (PT) ao STF (Supremo Tribunal&hellip; <\/p>\n","protected":false},"author":1,"featured_media":46032,"comment_status":"closed","ping_status":"closed","sticky":false,"template":"","format":"standard","meta":{"sfsi_plus_gutenberg_text_before_share":"","sfsi_plus_gutenberg_show_text_before_share":"","sfsi_plus_gutenberg_icon_type":"","sfsi_plus_gutenberg_icon_alignemt":"","sfsi_plus_gutenburg_max_per_row":"","footnotes":""},"categories":[11],"tags":[],"class_list":["post-59321","post","type-post","status-publish","format-standard","has-post-thumbnail","hentry","category-politica"],"_links":{"self":[{"href":"https:\/\/www.caririemacao.com\/1\/wp-json\/wp\/v2\/posts\/59321","targetHints":{"allow":["GET"]}}],"collection":[{"href":"https:\/\/www.caririemacao.com\/1\/wp-json\/wp\/v2\/posts"}],"about":[{"href":"https:\/\/www.caririemacao.com\/1\/wp-json\/wp\/v2\/types\/post"}],"author":[{"embeddable":true,"href":"https:\/\/www.caririemacao.com\/1\/wp-json\/wp\/v2\/users\/1"}],"replies":[{"embeddable":true,"href":"https:\/\/www.caririemacao.com\/1\/wp-json\/wp\/v2\/comments?post=59321"}],"version-history":[{"count":1,"href":"https:\/\/www.caririemacao.com\/1\/wp-json\/wp\/v2\/posts\/59321\/revisions"}],"predecessor-version":[{"id":59322,"href":"https:\/\/www.caririemacao.com\/1\/wp-json\/wp\/v2\/posts\/59321\/revisions\/59322"}],"wp:featuredmedia":[{"embeddable":true,"href":"https:\/\/www.caririemacao.com\/1\/wp-json\/wp\/v2\/media\/46032"}],"wp:attachment":[{"href":"https:\/\/www.caririemacao.com\/1\/wp-json\/wp\/v2\/media?parent=59321"}],"wp:term":[{"taxonomy":"category","embeddable":true,"href":"https:\/\/www.caririemacao.com\/1\/wp-json\/wp\/v2\/categories?post=59321"},{"taxonomy":"post_tag","embeddable":true,"href":"https:\/\/www.caririemacao.com\/1\/wp-json\/wp\/v2\/tags?post=59321"}],"curies":[{"name":"wp","href":"https:\/\/api.w.org\/{rel}","templated":true}]}}