{"id":59323,"date":"2018-08-01T09:00:37","date_gmt":"2018-08-01T12:00:37","guid":{"rendered":"http:\/\/caririemacao.com\/1\/?p=59323"},"modified":"2018-08-01T09:00:37","modified_gmt":"2018-08-01T12:00:37","slug":"seduc-realiza-plano-de-desenvolvimento-pedagogico-individualizado-em-monteiro","status":"publish","type":"post","link":"https:\/\/www.caririemacao.com\/1\/2018\/08\/01\/seduc-realiza-plano-de-desenvolvimento-pedagogico-individualizado-em-monteiro\/","title":{"rendered":"SEDUC realiza plano de desenvolvimento pedag\u00f3gico individualizado em Monteiro"},"content":{"rendered":"<p>Os professores de todas as institui\u00e7\u00f5es de ensino da Rede Municipal de Monteiro que recebem alunos com necessidades especiais permanentes est\u00e3o realizando nesta semana v\u00e1rias reuni\u00f5es para a elabora\u00e7\u00e3o do plano de desenvolvimento pedag\u00f3gico individualizado para o terceiro bimestre.<\/p>\n<p>De acordo com a diretora de Educa\u00e7\u00e3o Inclusiva da Rede Municipal de Ensino, Luciara Paiva, a elabora\u00e7\u00e3o do PDI possibilita que o aluno com necessidades especiais se aproprie do conte\u00fado program\u00e1tico de acordo com a sua condi\u00e7\u00e3o e no seu tempo, atrav\u00e9s de uma interven\u00e7\u00e3o educacional adequada para cada caso e condi\u00e7\u00e3o que se apresente.<\/p>\n<p>O PDI est\u00e1 sendo elaborado prevendo as v\u00e1rias metodologias de ensino e formas de avalia\u00e7\u00e3o, apoio e observa\u00e7\u00e3o disponibilizadas diante da especificidade do aluno. Pois na avalia\u00e7\u00e3o do processo de aprendizagem de um aluno PNE, o educador dever\u00e1 levar em conta os aspectos cognitivos, motores, psicomotores, interpessoais\/afetivos, comunicacionais , que condicionam e\/ou potencializam a apropria\u00e7\u00e3o do conhecimento.<\/p>\n<p>Engajados no PDI est\u00e3o os profissionais que lidam diretamente com as crian\u00e7as atendidas na rede, como: NAPSE, AEE, Cuidadores de crian\u00e7as e professores que atuam com os alunos portadores de necessidades especiais, al\u00e9m de psicopedagogas. \u201cContando com as experi\u00eancias de todos estes profissionais podemos tamb\u00e9m afirmar que o PDI \u00e9 um instrumento para a escola e a fam\u00edlia acompanhar a trajet\u00f3ria e evolu\u00e7\u00e3o do aluno PNE\u201d, afirma Luciara Paiva.<\/p>\n<p>A constru\u00e7\u00e3o do um plano de desenvolvimento individual no munic\u00edpio de Monteiro, que \u00e9 refer\u00eancia na \u00e1rea a n\u00edvel regional, torna pr\u00e1tica e vis\u00edvel a efetiva\u00e7\u00e3o do direito \u00e0 educa\u00e7\u00e3o e do direito \u00e0 igualdade, pois visa respeitar e tratar com dignidade \u00e0 diferen\u00e7a; eliminando toda esp\u00e9cie de discrimina\u00e7\u00e3o; e garantindo a plena e verdadeira inclus\u00e3o social.<\/p>\n<p><strong>CARIRI EM A\u00c7\u00c3O<\/strong><\/p>\n<p>Com Ascom\/Foto: Reprodu\u00e7\u00e3o<\/p>\n<p>Leia mais not\u00edcias em\u00a0<a href=\"http:\/\/www.caririemacao.com\/\">caririemacao.com<\/a>, siga nossa p\u00e1gina no\u00a0<a href=\"https:\/\/www.facebook.com\/CaririEmAcao\/?ref=aymt_homepage_panel\">Facebook<\/a>,\u00a0<a href=\"https:\/\/www.instagram.com\/cariri_em_acao\/?hl=pt-br\">Instagram<\/a>\u00a0e <a href=\"https:\/\/www.youtube.com\/channel\/UCAptA0jQuYQy8vMhLt2m4qg\">Youtube<\/a>\u00a0e veja nossas mat\u00e9rias, v\u00eddeos e fotos. Voc\u00ea tamb\u00e9m pode enviar informa\u00e7\u00f5es \u00e0 Reda\u00e7\u00e3o do Portal Cariri em A\u00e7\u00e3o pelo WhatsApp (83) 9 9634.5791, (83) 9 9601-1162.<\/p>\n","protected":false},"excerpt":{"rendered":"<p>Os professores de todas as institui\u00e7\u00f5es de ensino da Rede Municipal de Monteiro que recebem alunos com necessidades especiais permanentes est\u00e3o realizando nesta semana v\u00e1rias&hellip; <\/p>\n","protected":false},"author":1,"featured_media":59325,"comment_status":"closed","ping_status":"closed","sticky":false,"template":"","format":"standard","meta":{"sfsi_plus_gutenberg_text_before_share":"","sfsi_plus_gutenberg_show_text_before_share":"","sfsi_plus_gutenberg_icon_type":"","sfsi_plus_gutenberg_icon_alignemt":"","sfsi_plus_gutenburg_max_per_row":"","footnotes":""},"categories":[14],"tags":[],"class_list":["post-59323","post","type-post","status-publish","format-standard","has-post-thumbnail","hentry","category-educacao"],"_links":{"self":[{"href":"https:\/\/www.caririemacao.com\/1\/wp-json\/wp\/v2\/posts\/59323","targetHints":{"allow":["GET"]}}],"collection":[{"href":"https:\/\/www.caririemacao.com\/1\/wp-json\/wp\/v2\/posts"}],"about":[{"href":"https:\/\/www.caririemacao.com\/1\/wp-json\/wp\/v2\/types\/post"}],"author":[{"embeddable":true,"href":"https:\/\/www.caririemacao.com\/1\/wp-json\/wp\/v2\/users\/1"}],"replies":[{"embeddable":true,"href":"https:\/\/www.caririemacao.com\/1\/wp-json\/wp\/v2\/comments?post=59323"}],"version-history":[{"count":1,"href":"https:\/\/www.caririemacao.com\/1\/wp-json\/wp\/v2\/posts\/59323\/revisions"}],"predecessor-version":[{"id":59326,"href":"https:\/\/www.caririemacao.com\/1\/wp-json\/wp\/v2\/posts\/59323\/revisions\/59326"}],"wp:featuredmedia":[{"embeddable":true,"href":"https:\/\/www.caririemacao.com\/1\/wp-json\/wp\/v2\/media\/59325"}],"wp:attachment":[{"href":"https:\/\/www.caririemacao.com\/1\/wp-json\/wp\/v2\/media?parent=59323"}],"wp:term":[{"taxonomy":"category","embeddable":true,"href":"https:\/\/www.caririemacao.com\/1\/wp-json\/wp\/v2\/categories?post=59323"},{"taxonomy":"post_tag","embeddable":true,"href":"https:\/\/www.caririemacao.com\/1\/wp-json\/wp\/v2\/tags?post=59323"}],"curies":[{"name":"wp","href":"https:\/\/api.w.org\/{rel}","templated":true}]}}