{"id":59327,"date":"2018-08-01T09:05:06","date_gmt":"2018-08-01T12:05:06","guid":{"rendered":"http:\/\/caririemacao.com\/1\/?p=59327"},"modified":"2018-08-01T09:05:06","modified_gmt":"2018-08-01T12:05:06","slug":"iniciadas-as-inscricoes-do-processo-seletivo-de-agente-comunitario-de-saude-de-sume","status":"publish","type":"post","link":"https:\/\/www.caririemacao.com\/1\/2018\/08\/01\/iniciadas-as-inscricoes-do-processo-seletivo-de-agente-comunitario-de-saude-de-sume\/","title":{"rendered":"Iniciadas as inscri\u00e7\u00f5es do processo seletivo de agente comunit\u00e1rio de sa\u00fade de Sum\u00e9"},"content":{"rendered":"<p>Aa inscri\u00e7\u00f5es ser\u00e3o realizadas no per\u00edodo de\u00a0<strong>30\/07\/2018 a 10\/08\/2018, das 07h00 \u00e0s 13h00<\/strong>, na Sala da Coordena\u00e7\u00e3o da Aten\u00e7\u00e3o B\u00e1sica, na sede da Secretaria Municipal de Sa\u00fade de Sum\u00e9, situada a Rua Francisco de Melo, s\/n, 1\u00ba Andar, Centro, Sum\u00e9\/Pb.<\/p>\n<p>Para inscri\u00e7\u00e3o no Processo Seletivo P\u00fablico ser\u00e1 cobrado o Pre\u00e7o P\u00fablico de Inscri\u00e7\u00e3o no valor de R$50,00 (Cinquenta) reais, o qual dever\u00e1 ser pago exclusivamente na Tesouraria da Prefeitura Municipal de Sum\u00e9, situada na Avenida 1\u00ba de Abril, 379 \u2013 Centro.<\/p>\n<p>A inscri\u00e7\u00e3o do candidato, se confirmada, implica no conhecimento e aceita\u00e7\u00e3o t\u00e1cita das normas, condi\u00e7\u00f5es e requisitos estabelecidos no Edital n\u00ba 02 (dispon\u00edvel no endere\u00e7o eletr\u00f4nico\u00a0<a href=\"http:\/\/www.sume.pb.gov.br\/\">www.sume.pb.gov.br<\/a>\u00a0link: Concursos P\u00fablicos \u2013 Pasta Processo Seletivo Simplificado), sobre os quais o candidato n\u00e3o poder\u00e1 alegar desconhecimento.<\/p>\n<p>O Processo Seletivo P\u00fablico consistir\u00e1 na aplica\u00e7\u00e3o de prova escrita de car\u00e1ter eliminat\u00f3rio e classificat\u00f3rio, sendo composta por 40 (quarenta) quest\u00f5es objetivas de m\u00faltipla escolha com 5 (cinco) alternativas cada e somente havendo uma (1) por correta, versando sobre quest\u00f5es de Conhecimentos Espec\u00edficos, L\u00edngua Portuguesa e Matem\u00e1tica.<\/p>\n<p>CLICK AQUI:\u00a0<a href=\"http:\/\/sume.tempsite.ws\/transparencia\/vfm-admin\/vfm-downloader.php?q=dXBsb2Fkcy9DT05DVVJTT1MtUCVDMyU5QUJMSUNPUy9QUk9DRVNTTyUyMFNFTEVUSVZPUyUyMFNJTVBMSUZJQ0FET1MvRURJVEFMLU4tMDItLS1QUk9DLi1TRUxFVElWTy0tLUdSQVUtRVNDT0xBUklEQURFLS0tMjMuMDcucGRm&amp;h=91135adf9db1f7cfd53690b2cfbe7908\"><strong>CONFIRA O EDITAL<\/strong><\/a><\/p>\n<p><strong>CARIRI EM A\u00c7\u00c3O<\/strong><\/p>\n<p>Com Ascom\/PMS\/Foto: Reprodu\u00e7\u00e3o<\/p>\n<p>Leia mais not\u00edcias em\u00a0<a href=\"http:\/\/www.caririemacao.com\/\">caririemacao.com<\/a>, siga nossa p\u00e1gina no\u00a0<a href=\"https:\/\/www.facebook.com\/CaririEmAcao\/?ref=aymt_homepage_panel\">Facebook<\/a>,\u00a0<a href=\"https:\/\/www.instagram.com\/cariri_em_acao\/?hl=pt-br\">Instagram<\/a>\u00a0e <a href=\"https:\/\/www.youtube.com\/channel\/UCAptA0jQuYQy8vMhLt2m4qg\">Youtube<\/a>\u00a0e veja nossas mat\u00e9rias, v\u00eddeos e fotos. Voc\u00ea tamb\u00e9m pode enviar informa\u00e7\u00f5es \u00e0 Reda\u00e7\u00e3o do Portal Cariri em A\u00e7\u00e3o pelo WhatsApp (83) 9 9634.5791, (83) 9 9601-1162.<\/p>\n","protected":false},"excerpt":{"rendered":"<p>Aa inscri\u00e7\u00f5es ser\u00e3o realizadas no per\u00edodo de\u00a030\/07\/2018 a 10\/08\/2018, das 07h00 \u00e0s 13h00, na Sala da Coordena\u00e7\u00e3o da Aten\u00e7\u00e3o B\u00e1sica, na sede da Secretaria Municipal&hellip; <\/p>\n","protected":false},"author":1,"featured_media":52105,"comment_status":"closed","ping_status":"closed","sticky":false,"template":"","format":"standard","meta":{"sfsi_plus_gutenberg_text_before_share":"","sfsi_plus_gutenberg_show_text_before_share":"","sfsi_plus_gutenberg_icon_type":"","sfsi_plus_gutenberg_icon_alignemt":"","sfsi_plus_gutenburg_max_per_row":"","footnotes":""},"categories":[6],"tags":[],"class_list":["post-59327","post","type-post","status-publish","format-standard","has-post-thumbnail","hentry","category-cidades"],"_links":{"self":[{"href":"https:\/\/www.caririemacao.com\/1\/wp-json\/wp\/v2\/posts\/59327","targetHints":{"allow":["GET"]}}],"collection":[{"href":"https:\/\/www.caririemacao.com\/1\/wp-json\/wp\/v2\/posts"}],"about":[{"href":"https:\/\/www.caririemacao.com\/1\/wp-json\/wp\/v2\/types\/post"}],"author":[{"embeddable":true,"href":"https:\/\/www.caririemacao.com\/1\/wp-json\/wp\/v2\/users\/1"}],"replies":[{"embeddable":true,"href":"https:\/\/www.caririemacao.com\/1\/wp-json\/wp\/v2\/comments?post=59327"}],"version-history":[{"count":1,"href":"https:\/\/www.caririemacao.com\/1\/wp-json\/wp\/v2\/posts\/59327\/revisions"}],"predecessor-version":[{"id":59329,"href":"https:\/\/www.caririemacao.com\/1\/wp-json\/wp\/v2\/posts\/59327\/revisions\/59329"}],"wp:featuredmedia":[{"embeddable":true,"href":"https:\/\/www.caririemacao.com\/1\/wp-json\/wp\/v2\/media\/52105"}],"wp:attachment":[{"href":"https:\/\/www.caririemacao.com\/1\/wp-json\/wp\/v2\/media?parent=59327"}],"wp:term":[{"taxonomy":"category","embeddable":true,"href":"https:\/\/www.caririemacao.com\/1\/wp-json\/wp\/v2\/categories?post=59327"},{"taxonomy":"post_tag","embeddable":true,"href":"https:\/\/www.caririemacao.com\/1\/wp-json\/wp\/v2\/tags?post=59327"}],"curies":[{"name":"wp","href":"https:\/\/api.w.org\/{rel}","templated":true}]}}