{"id":59330,"date":"2018-08-01T09:12:17","date_gmt":"2018-08-01T12:12:17","guid":{"rendered":"http:\/\/caririemacao.com\/1\/?p=59330"},"modified":"2018-08-01T09:12:17","modified_gmt":"2018-08-01T12:12:17","slug":"gestao-municipal-apresenta-projeto-de-lei-que-cria-programa-bolsa-familia-municipal","status":"publish","type":"post","link":"https:\/\/www.caririemacao.com\/1\/2018\/08\/01\/gestao-municipal-apresenta-projeto-de-lei-que-cria-programa-bolsa-familia-municipal\/","title":{"rendered":"Gest\u00e3o Municipal apresenta Projeto de Lei que cria Programa Bolsa Fam\u00edlia Municipal."},"content":{"rendered":"<p>Durante o programa radiof\u00f4nico da Prefeitura Municipal de Amparo, da \u00faltima sexta-feira (27\/07), a secret\u00e1ria de assist\u00eancia social Cleide N\u00f3brega, concedeu entrevista onde na oportunidade fez um breve relato das a\u00e7\u00f5es da sua secretaria e, acompanhada de sua equipe t\u00e9cnica retirou d\u00favidas quanto o Programa Bolsa Fam\u00edlia.<\/p>\n<p>Na oportunidade a secret\u00e1ria aproveitou\u00a0 para falar aos ouvintes, sobre o Projeto de Lei de autoria do Executivo Municipal que Cria o Programa Bolsa Fam\u00edlia Municipal. O projeto j\u00e1 foi devidamente protocolado junto \u00e0 C\u00e2mara de Vereadores para ser apreciado.<\/p>\n<p>O projeto visa beneficiar as fam\u00edlias em vulnerabilidade social que ainda n\u00e3o foram contempladas com o Programa do Governo Federal.<\/p>\n<p>A secret\u00e1ria atrav\u00e9s de uma explana\u00e7\u00e3o objetiva mostrou os benef\u00edcios que o mesmo trar\u00e1 para as fam\u00edlias que ainda n\u00e3o possuem nenhum tipo renda do munic\u00edpio, segundo a Secret\u00e1ria o valor que ser\u00e1 destinado \u00e0s fam\u00edlias beneficiadas pelo Programa, auxiliar\u00e1 no poder compra e amenizar\u00e1 a car\u00eancia vivenciada por uma parcela consider\u00e1vel da popula\u00e7\u00e3o e n\u00e3o afetar\u00e1 o equil\u00edbrio financeiro da gest\u00e3o do prefeito In\u00e1cio N\u00f3brega. \u201cA implanta\u00e7\u00e3o deste programa a n\u00edvel municipal, aumentar\u00e1 ainda mais a responsabilidade da nossa gest\u00e3o, pois, temos o prop\u00f3sito de garantir direitos e cumprir com o nosso dever de cuidar da nossa gente. Disse a secret\u00e1ria.<\/p>\n<p><strong>CARIRI EM A\u00c7\u00c3O<\/strong><\/p>\n<p>Com Ascom\/Foto: Cariri em A\u00e7\u00e3o<\/p>\n<p>Leia mais not\u00edcias em\u00a0<a href=\"http:\/\/www.caririemacao.com\/\">caririemacao.com<\/a>, siga nossa p\u00e1gina no\u00a0<a href=\"https:\/\/www.facebook.com\/CaririEmAcao\/?ref=aymt_homepage_panel\">Facebook<\/a>,\u00a0<a href=\"https:\/\/www.instagram.com\/cariri_em_acao\/?hl=pt-br\">Instagram<\/a>\u00a0e <a href=\"https:\/\/www.youtube.com\/channel\/UCAptA0jQuYQy8vMhLt2m4qg\">Youtube<\/a>\u00a0e veja nossas mat\u00e9rias, v\u00eddeos e fotos. Voc\u00ea tamb\u00e9m pode enviar informa\u00e7\u00f5es \u00e0 Reda\u00e7\u00e3o do Portal Cariri em A\u00e7\u00e3o pelo WhatsApp (83) 9 9634.5791, (83) 9 9601-1162.<\/p>\n","protected":false},"excerpt":{"rendered":"<p>Durante o programa radiof\u00f4nico da Prefeitura Municipal de Amparo, da \u00faltima sexta-feira (27\/07), a secret\u00e1ria de assist\u00eancia social Cleide N\u00f3brega, concedeu entrevista onde na oportunidade&hellip; <\/p>\n","protected":false},"author":1,"featured_media":44144,"comment_status":"closed","ping_status":"closed","sticky":false,"template":"","format":"standard","meta":{"sfsi_plus_gutenberg_text_before_share":"","sfsi_plus_gutenberg_show_text_before_share":"","sfsi_plus_gutenberg_icon_type":"","sfsi_plus_gutenberg_icon_alignemt":"","sfsi_plus_gutenburg_max_per_row":"","footnotes":""},"categories":[6],"tags":[],"class_list":["post-59330","post","type-post","status-publish","format-standard","has-post-thumbnail","hentry","category-cidades"],"_links":{"self":[{"href":"https:\/\/www.caririemacao.com\/1\/wp-json\/wp\/v2\/posts\/59330","targetHints":{"allow":["GET"]}}],"collection":[{"href":"https:\/\/www.caririemacao.com\/1\/wp-json\/wp\/v2\/posts"}],"about":[{"href":"https:\/\/www.caririemacao.com\/1\/wp-json\/wp\/v2\/types\/post"}],"author":[{"embeddable":true,"href":"https:\/\/www.caririemacao.com\/1\/wp-json\/wp\/v2\/users\/1"}],"replies":[{"embeddable":true,"href":"https:\/\/www.caririemacao.com\/1\/wp-json\/wp\/v2\/comments?post=59330"}],"version-history":[{"count":1,"href":"https:\/\/www.caririemacao.com\/1\/wp-json\/wp\/v2\/posts\/59330\/revisions"}],"predecessor-version":[{"id":59331,"href":"https:\/\/www.caririemacao.com\/1\/wp-json\/wp\/v2\/posts\/59330\/revisions\/59331"}],"wp:featuredmedia":[{"embeddable":true,"href":"https:\/\/www.caririemacao.com\/1\/wp-json\/wp\/v2\/media\/44144"}],"wp:attachment":[{"href":"https:\/\/www.caririemacao.com\/1\/wp-json\/wp\/v2\/media?parent=59330"}],"wp:term":[{"taxonomy":"category","embeddable":true,"href":"https:\/\/www.caririemacao.com\/1\/wp-json\/wp\/v2\/categories?post=59330"},{"taxonomy":"post_tag","embeddable":true,"href":"https:\/\/www.caririemacao.com\/1\/wp-json\/wp\/v2\/tags?post=59330"}],"curies":[{"name":"wp","href":"https:\/\/api.w.org\/{rel}","templated":true}]}}