{"id":59339,"date":"2018-08-01T13:11:58","date_gmt":"2018-08-01T16:11:58","guid":{"rendered":"http:\/\/caririemacao.com\/1\/?p=59339"},"modified":"2018-08-01T13:11:58","modified_gmt":"2018-08-01T16:11:58","slug":"tovar-cobra-explicacao-sobre-falta-de-agua-em-ouro-velho","status":"publish","type":"post","link":"https:\/\/www.caririemacao.com\/1\/2018\/08\/01\/tovar-cobra-explicacao-sobre-falta-de-agua-em-ouro-velho\/","title":{"rendered":"Tovar cobra explica\u00e7\u00e3o sobre falta de \u00e1gua em Ouro Velho"},"content":{"rendered":"<p style=\"margin: 0cm; margin-bottom: .0001pt; background: white; vertical-align: baseline;\">\n<p style=\"margin: 0cm; margin-bottom: .0001pt; background: white; vertical-align: baseline;\">O deputado estadual Tovar Correia Lima (PSDB) denunciou a constante falta de \u00e1gua em munic\u00edpios do Cariri paraibano. Ele encaminhou expediente \u00e0 Cagepa cobrando explica\u00e7\u00f5es sobre esse desabastecimento das casas. \u201cA \u00e1gua n\u00e3o chega, mas a conta est\u00e1 l\u00e1 todos os meses e com valores cada vez mais altos\u201d, disse.<\/p>\n<p>Em Ouro Velho, por exemplo, desde a \u00faltima sexta-feira (27) que n\u00e3o chega uma \u00fanica gota de \u00e1gua nas torneiras das casas. \u201cSe a falta de \u00e1gua for devido a alguma manuten\u00e7\u00e3o a empresa \u00e9 irrespons\u00e1vel porque n\u00e3o avisa com anteced\u00eancia aos consumidores para que eles se preparem\u201d, destacou.<\/p>\n<p>Este ano, a conta de \u00e1gua na Para\u00edba sofreu um reajuste de 2,9%. O mesmo aumento de 2,9% tamb\u00e9m diz respeito aos valores de multas aplicadas pela Cagepa. No ano passado, essa taxa tinha sofrido um aumento de 12,39%.<\/p>\n<p>\u201cO valor da conta de \u00e1gua s\u00f3 aumenta, mas os servi\u00e7os est\u00e3o cada vez piores. N\u00e3o existem motivos para que o Cariri esteja sendo penalizado com essa constante falta de \u00e1gua. Isso mostra a incompet\u00eancia e a falta de compromisso desse Governo com a popula\u00e7\u00e3o paraibana\u201d, afirmou<\/p>\n","protected":false},"excerpt":{"rendered":"<p>O deputado estadual Tovar Correia Lima (PSDB) denunciou a constante falta de \u00e1gua em munic\u00edpios do Cariri paraibano. Ele encaminhou expediente \u00e0 Cagepa cobrando explica\u00e7\u00f5es&hellip; <\/p>\n","protected":false},"author":2,"featured_media":15679,"comment_status":"closed","ping_status":"closed","sticky":false,"template":"","format":"standard","meta":{"sfsi_plus_gutenberg_text_before_share":"","sfsi_plus_gutenberg_show_text_before_share":"","sfsi_plus_gutenberg_icon_type":"","sfsi_plus_gutenberg_icon_alignemt":"","sfsi_plus_gutenburg_max_per_row":"","footnotes":""},"categories":[6],"tags":[],"class_list":["post-59339","post","type-post","status-publish","format-standard","has-post-thumbnail","hentry","category-cidades"],"_links":{"self":[{"href":"https:\/\/www.caririemacao.com\/1\/wp-json\/wp\/v2\/posts\/59339","targetHints":{"allow":["GET"]}}],"collection":[{"href":"https:\/\/www.caririemacao.com\/1\/wp-json\/wp\/v2\/posts"}],"about":[{"href":"https:\/\/www.caririemacao.com\/1\/wp-json\/wp\/v2\/types\/post"}],"author":[{"embeddable":true,"href":"https:\/\/www.caririemacao.com\/1\/wp-json\/wp\/v2\/users\/2"}],"replies":[{"embeddable":true,"href":"https:\/\/www.caririemacao.com\/1\/wp-json\/wp\/v2\/comments?post=59339"}],"version-history":[{"count":1,"href":"https:\/\/www.caririemacao.com\/1\/wp-json\/wp\/v2\/posts\/59339\/revisions"}],"predecessor-version":[{"id":59340,"href":"https:\/\/www.caririemacao.com\/1\/wp-json\/wp\/v2\/posts\/59339\/revisions\/59340"}],"wp:featuredmedia":[{"embeddable":true,"href":"https:\/\/www.caririemacao.com\/1\/wp-json\/wp\/v2\/media\/15679"}],"wp:attachment":[{"href":"https:\/\/www.caririemacao.com\/1\/wp-json\/wp\/v2\/media?parent=59339"}],"wp:term":[{"taxonomy":"category","embeddable":true,"href":"https:\/\/www.caririemacao.com\/1\/wp-json\/wp\/v2\/categories?post=59339"},{"taxonomy":"post_tag","embeddable":true,"href":"https:\/\/www.caririemacao.com\/1\/wp-json\/wp\/v2\/tags?post=59339"}],"curies":[{"name":"wp","href":"https:\/\/api.w.org\/{rel}","templated":true}]}}