{"id":59352,"date":"2018-08-01T14:13:41","date_gmt":"2018-08-01T17:13:41","guid":{"rendered":"http:\/\/caririemacao.com\/1\/?p=59352"},"modified":"2018-08-01T14:13:41","modified_gmt":"2018-08-01T17:13:41","slug":"ricardo-oficializa-luiz-couto-para-o-senado-e-preve-vitoria-de-lapada","status":"publish","type":"post","link":"https:\/\/www.caririemacao.com\/1\/2018\/08\/01\/ricardo-oficializa-luiz-couto-para-o-senado-e-preve-vitoria-de-lapada\/","title":{"rendered":"Ricardo oficializa Luiz Couto para o Senado e prev\u00ea vit\u00f3ria de \u201clapada\u201d"},"content":{"rendered":"<p>O governador Ricardo Coutinho (PSB) alfinetou a oposi\u00e7\u00e3o, nesta quarta-feira (1), ao apresentar o deputado federal Luiz Couto (PT) como o segundo nome na disputa por uma vaga no Senado na chapa encabe\u00e7ada por Jo\u00e3o Azev\u00eado para disputar o Governo do Estado.<\/p>\n<p>\u201cEu tenho a clareza muito grande de que vamos ganhar essas elei\u00e7\u00f5es de lapada\u201d, declarou os socialista para a milit\u00e2ncia entusiasmada com a chegada do petista\u201d, disse.<\/p>\n<p>Segundo ele, n\u00e3o existe concorr\u00eancia interna na chapa. \u201cSomos um s\u00f3. N\u00f3s somos a unidade. O que dar para um dar\u00e1 para todos\u201d, acrescentou. Com conven\u00e7\u00e3o agendada para este s\u00e1bado (04), o PSB ainda n\u00e3o definiu o nome que ir\u00e1 a vaga de candidato a Vice-Governadoria.<\/p>\n<p>Para Ricardo Coutinho, j\u00e1 tinha passado do tempo de Luiz Couto disputar uma cadeira no Senado.<\/p>\n<p>\u201cEle trar\u00e1 dignidade para o exerc\u00edcio da pol\u00edtica e para a nossa representa\u00e7\u00e3o no Senado. Tenho uma honra muito grande e talvez com alguns anos de atraso a gente ter aqui em uma chapa o companheiro Luiz Couto\u201d, destacou.<\/p>\n<p>Vice<\/p>\n<p>O socialista n\u00e3o deu nenhuma pista sobre a vaga de vice na chapa socialista. Entretanto, Ricardo Coutinho alegou que o vice deve \u201cagregar valores\u201d \u00e0 composi\u00e7\u00e3o.<\/p>\n<p>Para Ricardo Coutinho, a defini\u00e7\u00e3o dos principais nomes da majorit\u00e1ria ir\u00e1 impulsionar outras lideran\u00e7as para se chegar a uma defini\u00e7\u00e3o final que deve sair durante as conven\u00e7\u00f5es do PSB no pr\u00f3ximo domingo (5).<\/p>\n<p>Com\u00a0\u00a0MaisPB\/Foto: Reprodu\u00e7\u00e3o<\/p>\n","protected":false},"excerpt":{"rendered":"<p>O governador Ricardo Coutinho (PSB) alfinetou a oposi\u00e7\u00e3o, nesta quarta-feira (1), ao apresentar o deputado federal Luiz Couto (PT) como o segundo nome na disputa&hellip; <\/p>\n","protected":false},"author":1,"featured_media":59353,"comment_status":"closed","ping_status":"closed","sticky":false,"template":"","format":"standard","meta":{"sfsi_plus_gutenberg_text_before_share":"","sfsi_plus_gutenberg_show_text_before_share":"","sfsi_plus_gutenberg_icon_type":"","sfsi_plus_gutenberg_icon_alignemt":"","sfsi_plus_gutenburg_max_per_row":"","footnotes":""},"categories":[1],"tags":[],"class_list":["post-59352","post","type-post","status-publish","format-standard","has-post-thumbnail","hentry","category-o-site"],"_links":{"self":[{"href":"https:\/\/www.caririemacao.com\/1\/wp-json\/wp\/v2\/posts\/59352","targetHints":{"allow":["GET"]}}],"collection":[{"href":"https:\/\/www.caririemacao.com\/1\/wp-json\/wp\/v2\/posts"}],"about":[{"href":"https:\/\/www.caririemacao.com\/1\/wp-json\/wp\/v2\/types\/post"}],"author":[{"embeddable":true,"href":"https:\/\/www.caririemacao.com\/1\/wp-json\/wp\/v2\/users\/1"}],"replies":[{"embeddable":true,"href":"https:\/\/www.caririemacao.com\/1\/wp-json\/wp\/v2\/comments?post=59352"}],"version-history":[{"count":1,"href":"https:\/\/www.caririemacao.com\/1\/wp-json\/wp\/v2\/posts\/59352\/revisions"}],"predecessor-version":[{"id":59354,"href":"https:\/\/www.caririemacao.com\/1\/wp-json\/wp\/v2\/posts\/59352\/revisions\/59354"}],"wp:featuredmedia":[{"embeddable":true,"href":"https:\/\/www.caririemacao.com\/1\/wp-json\/wp\/v2\/media\/59353"}],"wp:attachment":[{"href":"https:\/\/www.caririemacao.com\/1\/wp-json\/wp\/v2\/media?parent=59352"}],"wp:term":[{"taxonomy":"category","embeddable":true,"href":"https:\/\/www.caririemacao.com\/1\/wp-json\/wp\/v2\/categories?post=59352"},{"taxonomy":"post_tag","embeddable":true,"href":"https:\/\/www.caririemacao.com\/1\/wp-json\/wp\/v2\/tags?post=59352"}],"curies":[{"name":"wp","href":"https:\/\/api.w.org\/{rel}","templated":true}]}}