{"id":59355,"date":"2018-08-01T14:21:19","date_gmt":"2018-08-01T17:21:19","guid":{"rendered":"http:\/\/caririemacao.com\/1\/?p=59355"},"modified":"2018-08-01T14:21:19","modified_gmt":"2018-08-01T17:21:19","slug":"procase-reuniu-associados-em-amparo-para-apresentacao-do-patac-que-dara-assistencia-tecnica-as-comunidades","status":"publish","type":"post","link":"https:\/\/www.caririemacao.com\/1\/2018\/08\/01\/procase-reuniu-associados-em-amparo-para-apresentacao-do-patac-que-dara-assistencia-tecnica-as-comunidades\/","title":{"rendered":"PROCASE reuniu Associados em Amparo para apresenta\u00e7\u00e3o do PATAC que dar\u00e1 Assist\u00eancia T\u00e9cnica \u00e0s Comunidades"},"content":{"rendered":"<p style=\"font-weight: 400;\">Foi realizada nesta ter\u00e7a-feira (31) uma importante reuni\u00e3o com os Associados do PROCASE no munic\u00edpio de Amparo. A reuni\u00e3o foi realizada na C\u00e2mara de Vereadores de Amparo.<\/p>\n<p style=\"font-weight: 400;\">A reuni\u00e3o serviu para discutir a\u00e7\u00f5es realizadas pelo PROCASE junto \u00e0s Associa\u00e7\u00f5es do nosso munic\u00edpio e tamb\u00e9m para apresenta\u00e7\u00e3o do PATAC, Ong que vai dar assist\u00eancia \u00e0s comunidades rurais durante 1 ano no plano emergencial, onde tamb\u00e9m v\u00e3o ajudar a desenvolver os campos de forragem.<\/p>\n<p style=\"font-weight: 400;\">O PROCASE trabalha no Projeto Produtivo e no Plano Emergencial, O Projeto Produtivo foi implantado no Assentamento Mata com entrega de Matrizes, Barragem Subterr\u00e2nea e estar\u00e3o implantando uma Mini F\u00e1brica de Ra\u00e7\u00e3o, j\u00e1 no Plano Emergencial, o PROCASE perfurou 5 Po\u00e7os no Final de 2015 e implantou 5 Barragens Subterr\u00e2neas, al\u00e9m de mais 2 po\u00e7os que ser\u00e3o perfurados em breve.<\/p>\n<p style=\"font-weight: 400;\">O PATAC ir\u00e1 dar toda assist\u00eancia t\u00e9cnica \u00e0s comunidades rurais de Amparo durante 1 ano, onde ser\u00e3o 7 Comunidades com Po\u00e7os e 5 comunidades com barragens Subterr\u00e2neas, cada comunidade que ter\u00e1 os Po\u00e7os ir\u00e1 receber 6 mil raquetes de palma cata-ventos que j\u00e1 est\u00e3o sendo instalados. Essa assist\u00eancia do PATAC \u00e9 apenas no Plano Emergencial, j\u00e1 nos Projetos Produtivos a Assist\u00eancia \u00e9 da EMATER.<\/p>\n<p>Com Amparo Ligado\/Foto: Reprodu\u00e7\u00e3o<\/p>\n","protected":false},"excerpt":{"rendered":"<p>Foi realizada nesta ter\u00e7a-feira (31) uma importante reuni\u00e3o com os Associados do PROCASE no munic\u00edpio de Amparo. A reuni\u00e3o foi realizada na C\u00e2mara de Vereadores&hellip; <\/p>\n","protected":false},"author":1,"featured_media":59356,"comment_status":"closed","ping_status":"closed","sticky":false,"template":"","format":"standard","meta":{"sfsi_plus_gutenberg_text_before_share":"","sfsi_plus_gutenberg_show_text_before_share":"","sfsi_plus_gutenberg_icon_type":"","sfsi_plus_gutenberg_icon_alignemt":"","sfsi_plus_gutenburg_max_per_row":"","footnotes":""},"categories":[6],"tags":[],"class_list":["post-59355","post","type-post","status-publish","format-standard","has-post-thumbnail","hentry","category-cidades"],"_links":{"self":[{"href":"https:\/\/www.caririemacao.com\/1\/wp-json\/wp\/v2\/posts\/59355","targetHints":{"allow":["GET"]}}],"collection":[{"href":"https:\/\/www.caririemacao.com\/1\/wp-json\/wp\/v2\/posts"}],"about":[{"href":"https:\/\/www.caririemacao.com\/1\/wp-json\/wp\/v2\/types\/post"}],"author":[{"embeddable":true,"href":"https:\/\/www.caririemacao.com\/1\/wp-json\/wp\/v2\/users\/1"}],"replies":[{"embeddable":true,"href":"https:\/\/www.caririemacao.com\/1\/wp-json\/wp\/v2\/comments?post=59355"}],"version-history":[{"count":1,"href":"https:\/\/www.caririemacao.com\/1\/wp-json\/wp\/v2\/posts\/59355\/revisions"}],"predecessor-version":[{"id":59357,"href":"https:\/\/www.caririemacao.com\/1\/wp-json\/wp\/v2\/posts\/59355\/revisions\/59357"}],"wp:featuredmedia":[{"embeddable":true,"href":"https:\/\/www.caririemacao.com\/1\/wp-json\/wp\/v2\/media\/59356"}],"wp:attachment":[{"href":"https:\/\/www.caririemacao.com\/1\/wp-json\/wp\/v2\/media?parent=59355"}],"wp:term":[{"taxonomy":"category","embeddable":true,"href":"https:\/\/www.caririemacao.com\/1\/wp-json\/wp\/v2\/categories?post=59355"},{"taxonomy":"post_tag","embeddable":true,"href":"https:\/\/www.caririemacao.com\/1\/wp-json\/wp\/v2\/tags?post=59355"}],"curies":[{"name":"wp","href":"https:\/\/api.w.org\/{rel}","templated":true}]}}