{"id":59364,"date":"2018-08-02T07:21:16","date_gmt":"2018-08-02T10:21:16","guid":{"rendered":"http:\/\/caririemacao.com\/1\/?p=59364"},"modified":"2018-08-02T07:21:16","modified_gmt":"2018-08-02T10:21:16","slug":"pcdob-oficializa-candidatura-de-manuela-davila-ao-planalto","status":"publish","type":"post","link":"https:\/\/www.caririemacao.com\/1\/2018\/08\/02\/pcdob-oficializa-candidatura-de-manuela-davila-ao-planalto\/","title":{"rendered":"PCdoB oficializa candidatura de Manuela D\u2019\u00c1vila ao Planalto"},"content":{"rendered":"<p><span class=\"news_capital_letter\">O<\/span>PCdoB oficializou, nesta quarta-feira (1\u00ba), a candidatura de Manuela D\u2019\u00c1vila \u00e0 Presid\u00eancia da Rep\u00fablica. O ato foi realizado em um audit\u00f3rio da C\u00e2mara dos Deputados, em Bras\u00edlia, durante a conven\u00e7\u00e3o nacional do partido.<\/p>\n<p>Em discurso, o governador do Maranh\u00e3o, Fl\u00e1vio Dino, considerado um dos principais nomes do PCdoB, saudou a \u201ccoragem\u201d da candidata. &#8220;Tem que ter ousadia para enfrentar a hegemonia do que foi constru\u00eddo nos \u00faltimos tempos. Ela entra para o pante\u00e3o dos her\u00f3is do nosso partido\u201d, disse Dino.<\/p>\n<p>Ap\u00f3s a oficializa\u00e7\u00e3o, Manuela destacou que esta \u00e9 a terceira vez na hist\u00f3ria que o PCdoB lan\u00e7a candidatura pr\u00f3pria \u00e0 Presid\u00eancia. At\u00e9 o momento, no entanto, a sigla n\u00e3o tem um vice para compor a chapa presidencial, nem coliga\u00e7\u00f5es partid\u00e1rias em \u00e2mbito nacional.<\/p>\n<p>A conven\u00e7\u00e3o acontece quatro dias antes do fim do prazo para que os partidos oficializem os seus candidatos, que ser\u00e1 no pr\u00f3ximo domingo (5).<\/p>\n<p>Manuela D\u2019\u00c1vila foi vereadora de Porto Alegre de 2005 a 2006 e deputada federal pelo Rio Grande do Sul entre 2007 e 2014. A candidata tem 36 anos e \u00e9 formada em jornalismo.<\/p>\n<p>Com Not\u00edcias Ao Minuto\/Foto: Reprodu\u00e7\u00e3o Internet<\/p>\n","protected":false},"excerpt":{"rendered":"<p>OPCdoB oficializou, nesta quarta-feira (1\u00ba), a candidatura de Manuela D\u2019\u00c1vila \u00e0 Presid\u00eancia da Rep\u00fablica. O ato foi realizado em um audit\u00f3rio da C\u00e2mara dos Deputados,&hellip; <\/p>\n","protected":false},"author":1,"featured_media":32490,"comment_status":"closed","ping_status":"closed","sticky":false,"template":"","format":"standard","meta":{"sfsi_plus_gutenberg_text_before_share":"","sfsi_plus_gutenberg_show_text_before_share":"","sfsi_plus_gutenberg_icon_type":"","sfsi_plus_gutenberg_icon_alignemt":"","sfsi_plus_gutenburg_max_per_row":"","footnotes":""},"categories":[1],"tags":[],"class_list":["post-59364","post","type-post","status-publish","format-standard","has-post-thumbnail","hentry","category-o-site"],"_links":{"self":[{"href":"https:\/\/www.caririemacao.com\/1\/wp-json\/wp\/v2\/posts\/59364","targetHints":{"allow":["GET"]}}],"collection":[{"href":"https:\/\/www.caririemacao.com\/1\/wp-json\/wp\/v2\/posts"}],"about":[{"href":"https:\/\/www.caririemacao.com\/1\/wp-json\/wp\/v2\/types\/post"}],"author":[{"embeddable":true,"href":"https:\/\/www.caririemacao.com\/1\/wp-json\/wp\/v2\/users\/1"}],"replies":[{"embeddable":true,"href":"https:\/\/www.caririemacao.com\/1\/wp-json\/wp\/v2\/comments?post=59364"}],"version-history":[{"count":1,"href":"https:\/\/www.caririemacao.com\/1\/wp-json\/wp\/v2\/posts\/59364\/revisions"}],"predecessor-version":[{"id":59365,"href":"https:\/\/www.caririemacao.com\/1\/wp-json\/wp\/v2\/posts\/59364\/revisions\/59365"}],"wp:featuredmedia":[{"embeddable":true,"href":"https:\/\/www.caririemacao.com\/1\/wp-json\/wp\/v2\/media\/32490"}],"wp:attachment":[{"href":"https:\/\/www.caririemacao.com\/1\/wp-json\/wp\/v2\/media?parent=59364"}],"wp:term":[{"taxonomy":"category","embeddable":true,"href":"https:\/\/www.caririemacao.com\/1\/wp-json\/wp\/v2\/categories?post=59364"},{"taxonomy":"post_tag","embeddable":true,"href":"https:\/\/www.caririemacao.com\/1\/wp-json\/wp\/v2\/tags?post=59364"}],"curies":[{"name":"wp","href":"https:\/\/api.w.org\/{rel}","templated":true}]}}