{"id":59368,"date":"2018-08-02T07:38:24","date_gmt":"2018-08-02T10:38:24","guid":{"rendered":"http:\/\/caririemacao.com\/1\/?p=59368"},"modified":"2018-08-02T07:38:24","modified_gmt":"2018-08-02T10:38:24","slug":"sei-que-temer-e-ladrao-diz-ciro-gomes-sobre-michel-temer","status":"publish","type":"post","link":"https:\/\/www.caririemacao.com\/1\/2018\/08\/02\/sei-que-temer-e-ladrao-diz-ciro-gomes-sobre-michel-temer\/","title":{"rendered":"&#8216;Sei que Temer \u00e9 ladr\u00e3o&#8217;, diz Ciro Gomes sobre Michel Temer"},"content":{"rendered":"<p><span class=\"news_capital_letter\">O<\/span>candidato do PDT \u00e0 Presid\u00eancia da Rep\u00fablica, Ciro Gomes,\u00a0participou de uma sabatina promovida pela GloboNews nesta quarta-feira (1\u00ba).<\/p>\n<div class=\"pub-container inside-news\">\n<div class=\"pub-space\">Ao ser questionado sobre um suposto isolamento de sua candidatura dentro do espectro pol\u00edtico brasileiro, Ciro demonstrou frustra\u00e7\u00e3o com o PT, lembrando que foi fiel a Lula por 16 anos: &#8220;Eles (PT) n\u00e3o est\u00e3o pensando no pa\u00eds. Querem perpetuar um projeto de poder. O comportamento do PT de insistir numa candidatura que tende a ser impugnada \u00e9 hostil \u00e0 sorte do povo brasileiro&#8221;.<\/div>\n<\/div>\n<p>Sobre os 77 processos que responde na Justi\u00e7a, Ciro voltou a criticar o MDB e se disse orgulhoso: &#8220;Eu sou um indignado. Tenho 77 processos por denunciar pessoas como Eun\u00edcio Oliveira, Eduardo Cunha e Michel Temer. Fora do Brasil isso \u00e9 visto como virtude (&#8230;) Eu sei factualmente que o Michel Temer \u00e9 ladr\u00e3o e por isso o chamo de ladr\u00e3o&#8221;.<\/p>\n<p>&#8220;N\u00e3o aceito negocia\u00e7\u00e3o com a quadrilha que tomou conta do PMDB&#8221;, declarou Ciro.\u00a0&#8220;Parte dela est\u00e1 na cadeia e a outra parte vai. Fui processado por Eduardo Cunha, que est\u00e1 na cadeia. Fui processado por Michel Temer, que n\u00e3o est\u00e1 na cadeia porque subornou a maioria do parlamento para n\u00e3o responder \u00e0s den\u00fancias que o Supremo encaminhou. Eu denunciei o Gedel, que t\u00e1 na cadeia, e por a\u00ed vai&#8221;, disse.<\/p>\n<p>Ciro Gomes ainda falou sobre a pris\u00e3o de seu ex-aliado, o ex-presidente Luiz In\u00e1cio Lula da Silva (PT), e sobre a dificuldade de fechar alian\u00e7as pol\u00edticas e seu plano de governo.<\/p>\n<p>O candidato recha\u00e7ou aumentar impostos de pessoas f\u00edsicas, mas disse que vai endurecer o jogo para as grandes empresas. Tamb\u00e9m disse que pretende ativar pesadamente a constru\u00e7\u00e3o civil como medida para gera\u00e7\u00e3o de emprego.\u00a0Segundo o pedetista, obras de saneamento b\u00e1sico e moradias populares seriam o maior foco.<\/p>\n<p>Sobre seguran\u00e7a p\u00fablica, Ciro afirmou que pretende aumentar o efetivo de intelig\u00eancia da Pol\u00edcia Federal para estudar o crime organizado. Ele se disse contra a diminui\u00e7\u00e3o da maioridade penal, pois acredita que o tr\u00e1fico seguir\u00e1 recrutando crian\u00e7as e jovens.<\/p>\n<p>&nbsp;<\/p>\n<p>Com G1 \/Foto: Reprodu\u00e7\u00e3o Internet, Divulga\u00e7\u00e3o<\/p>\n","protected":false},"excerpt":{"rendered":"<p>Ocandidato do PDT \u00e0 Presid\u00eancia da Rep\u00fablica, Ciro Gomes,\u00a0participou de uma sabatina promovida pela GloboNews nesta quarta-feira (1\u00ba). Ao ser questionado sobre um suposto isolamento&hellip; <\/p>\n","protected":false},"author":1,"featured_media":59369,"comment_status":"closed","ping_status":"closed","sticky":false,"template":"","format":"standard","meta":{"sfsi_plus_gutenberg_text_before_share":"","sfsi_plus_gutenberg_show_text_before_share":"","sfsi_plus_gutenberg_icon_type":"","sfsi_plus_gutenberg_icon_alignemt":"","sfsi_plus_gutenburg_max_per_row":"","footnotes":""},"categories":[11],"tags":[],"class_list":["post-59368","post","type-post","status-publish","format-standard","has-post-thumbnail","hentry","category-politica"],"_links":{"self":[{"href":"https:\/\/www.caririemacao.com\/1\/wp-json\/wp\/v2\/posts\/59368","targetHints":{"allow":["GET"]}}],"collection":[{"href":"https:\/\/www.caririemacao.com\/1\/wp-json\/wp\/v2\/posts"}],"about":[{"href":"https:\/\/www.caririemacao.com\/1\/wp-json\/wp\/v2\/types\/post"}],"author":[{"embeddable":true,"href":"https:\/\/www.caririemacao.com\/1\/wp-json\/wp\/v2\/users\/1"}],"replies":[{"embeddable":true,"href":"https:\/\/www.caririemacao.com\/1\/wp-json\/wp\/v2\/comments?post=59368"}],"version-history":[{"count":1,"href":"https:\/\/www.caririemacao.com\/1\/wp-json\/wp\/v2\/posts\/59368\/revisions"}],"predecessor-version":[{"id":59370,"href":"https:\/\/www.caririemacao.com\/1\/wp-json\/wp\/v2\/posts\/59368\/revisions\/59370"}],"wp:featuredmedia":[{"embeddable":true,"href":"https:\/\/www.caririemacao.com\/1\/wp-json\/wp\/v2\/media\/59369"}],"wp:attachment":[{"href":"https:\/\/www.caririemacao.com\/1\/wp-json\/wp\/v2\/media?parent=59368"}],"wp:term":[{"taxonomy":"category","embeddable":true,"href":"https:\/\/www.caririemacao.com\/1\/wp-json\/wp\/v2\/categories?post=59368"},{"taxonomy":"post_tag","embeddable":true,"href":"https:\/\/www.caririemacao.com\/1\/wp-json\/wp\/v2\/tags?post=59368"}],"curies":[{"name":"wp","href":"https:\/\/api.w.org\/{rel}","templated":true}]}}