{"id":59377,"date":"2018-08-02T07:58:27","date_gmt":"2018-08-02T10:58:27","guid":{"rendered":"http:\/\/caririemacao.com\/1\/?p=59377"},"modified":"2018-08-02T08:12:34","modified_gmt":"2018-08-02T11:12:34","slug":"ifpb-divulga-inscricoes-para-200-vagas-do-curso-de-letras-ead","status":"publish","type":"post","link":"https:\/\/www.caririemacao.com\/1\/2018\/08\/02\/ifpb-divulga-inscricoes-para-200-vagas-do-curso-de-letras-ead\/","title":{"rendered":"IFPB divulga inscri\u00e7\u00f5es para 200 vagas do curso de Letras EaD"},"content":{"rendered":"<p>Foi publicado nesta ter\u00e7a-feira (31) o edital de sele\u00e7\u00e3o de estudantes para 200 vagas do curso de licenciatura em Letras com habilita\u00e7\u00e3o em l\u00edngua portuguesa, na modalidade \u00e0 dist\u00e2ncia, pelo Instituto Federal de Educa\u00e7\u00e3o, Ci\u00eancia e Tecnologia da Para\u00edba (IFPB). As inscri\u00e7\u00f5es s\u00e3o gratuitas e podem ser feitas at\u00e9 8 de agosto, pela internet.<\/p>\n<p>As vagas s\u00e3o para o segundo semestre letivo de 2018 e est\u00e3o distribu\u00eddas entre os polos de Jo\u00e3o Pessoa, Campina Grande, Picu\u00ed e Sousa.\u00a0<a href=\"https:\/\/estudante.ifpb.edu.br\/media\/Edital_62_Letras.pdf\"><strong>Confira o edital<\/strong><\/a>.<\/p>\n<p>Para se inscrever, \u00e9 necess\u00e1rio preencher o formul\u00e1rio eletr\u00f4nico dispon\u00edvel no\u00a0<a href=\"https:\/\/estudante.ifpb.edu.br\/processoseletivo\/processo\/5\/edicao\/97\/\"><strong>portal do estudante do IFPB<\/strong><\/a>\u00a0e o question\u00e1rio socioecon\u00f4mico. Al\u00e9m disso, \u00e9 preciso protocolar em qualquer um dos campi do IFPB a documenta\u00e7\u00e3o exigida, que dever\u00e1 ser encaminhada \u00e0 Comiss\u00e3o Permanente de Concursos P\u00fablicos (COMPEC), com o assunto: Processo Seletivo- Letras- EaD- Edital 062\/2018.<\/p>\n<p>Todos os candidatos devem usar as notas obtidas no Exame Nacional do Ensino M\u00e9dio (Enem) das edi\u00e7\u00f5es de 2015, 2016 ou 2017, exceto aqueles que pretendem concorrer \u00e0s vagas direcionadas para professores da rede p\u00fablica.<\/p>\n<p>A sele\u00e7\u00e3o tem vagas reservadas para pessoas com defici\u00eancia, candidatos oriundos de escolas p\u00fablicas, assentados da reforma agr\u00e1ria e ampla concorr\u00eancia e professores da rede p\u00fablica de ensino. A documenta\u00e7\u00e3o necess\u00e1ria em cada caso \u00e9 indicada no edital.<\/p>\n<p>Conforme o cronograma do edital, o resultado final do processo seletivo deve ser divulgado no dia 29 de agosto. As matr\u00edculas dos aprovados na primeira chamada ser\u00e3o feitas no polo para o qual o candidato foi classificado, entre os dias 3 e 4 de setembro.<\/p>\n<p>&nbsp;<\/p>\n<p>Com Jornal da Para\u00edba\/Foto: Reprodu\u00e7\u00e3o Internet<\/p>\n","protected":false},"excerpt":{"rendered":"<p>Foi publicado nesta ter\u00e7a-feira (31) o edital de sele\u00e7\u00e3o de estudantes para 200 vagas do curso de licenciatura em Letras com habilita\u00e7\u00e3o em l\u00edngua portuguesa,&hellip; <\/p>\n","protected":false},"author":1,"featured_media":59379,"comment_status":"closed","ping_status":"closed","sticky":false,"template":"","format":"standard","meta":{"sfsi_plus_gutenberg_text_before_share":"","sfsi_plus_gutenberg_show_text_before_share":"","sfsi_plus_gutenberg_icon_type":"","sfsi_plus_gutenberg_icon_alignemt":"","sfsi_plus_gutenburg_max_per_row":"","footnotes":""},"categories":[14],"tags":[],"class_list":["post-59377","post","type-post","status-publish","format-standard","has-post-thumbnail","hentry","category-educacao"],"_links":{"self":[{"href":"https:\/\/www.caririemacao.com\/1\/wp-json\/wp\/v2\/posts\/59377","targetHints":{"allow":["GET"]}}],"collection":[{"href":"https:\/\/www.caririemacao.com\/1\/wp-json\/wp\/v2\/posts"}],"about":[{"href":"https:\/\/www.caririemacao.com\/1\/wp-json\/wp\/v2\/types\/post"}],"author":[{"embeddable":true,"href":"https:\/\/www.caririemacao.com\/1\/wp-json\/wp\/v2\/users\/1"}],"replies":[{"embeddable":true,"href":"https:\/\/www.caririemacao.com\/1\/wp-json\/wp\/v2\/comments?post=59377"}],"version-history":[{"count":1,"href":"https:\/\/www.caririemacao.com\/1\/wp-json\/wp\/v2\/posts\/59377\/revisions"}],"predecessor-version":[{"id":59378,"href":"https:\/\/www.caririemacao.com\/1\/wp-json\/wp\/v2\/posts\/59377\/revisions\/59378"}],"wp:featuredmedia":[{"embeddable":true,"href":"https:\/\/www.caririemacao.com\/1\/wp-json\/wp\/v2\/media\/59379"}],"wp:attachment":[{"href":"https:\/\/www.caririemacao.com\/1\/wp-json\/wp\/v2\/media?parent=59377"}],"wp:term":[{"taxonomy":"category","embeddable":true,"href":"https:\/\/www.caririemacao.com\/1\/wp-json\/wp\/v2\/categories?post=59377"},{"taxonomy":"post_tag","embeddable":true,"href":"https:\/\/www.caririemacao.com\/1\/wp-json\/wp\/v2\/tags?post=59377"}],"curies":[{"name":"wp","href":"https:\/\/api.w.org\/{rel}","templated":true}]}}