{"id":59380,"date":"2018-08-02T08:22:17","date_gmt":"2018-08-02T11:22:17","guid":{"rendered":"http:\/\/caririemacao.com\/1\/?p=59380"},"modified":"2018-08-02T08:22:17","modified_gmt":"2018-08-02T11:22:17","slug":"psol-registra-maior-numero-de-candidaturas-nas-eleicoes-2018","status":"publish","type":"post","link":"https:\/\/www.caririemacao.com\/1\/2018\/08\/02\/psol-registra-maior-numero-de-candidaturas-nas-eleicoes-2018\/","title":{"rendered":"PSOL registra maior n\u00famero de candidaturas nas elei\u00e7\u00f5es 2018"},"content":{"rendered":"<div class=\"ctnHeadline\">\n<div class=\"contentShare\">\n<p>Na primeira atualiza\u00e7\u00e3o do novo portal de estat\u00edsticas eleitorais do\u00a0Tribunal Superior Eleitoral\u00a0(TSE), o \u00f3rg\u00e3o oficializou o registro, feito pelos partidos, de 250 candidaturas para as elei\u00e7\u00f5es 2018. O\u00a0PSOL\u00a0\u00e9 a legenda que mais oficializou candidatos &#8211; 104 no total, seguido do\u00a0Novo, com 43, e do\u00a0PSL, com 38.<\/p>\n<\/div>\n<\/div>\n<div class=\"articleData \">\n<p class=\"text\">As candidaturas ainda n\u00e3o constam como &#8220;aptas&#8221;, mas apenas como &#8220;cadastradas&#8221;. Os pedidos de registro de candidatura protocolados recebem essa designa\u00e7\u00e3o de in\u00edcio at\u00e9 serem deferidas.<\/p>\n<div id=\"image_12cfc1fe2b581eb39dac76631fdeafeeg3ctbfvu\" class=\"expandedElement\"><\/div>\n<p class=\"text\">A maioria das candidaturas registradas at\u00e9 o momento \u00e9 para vagas nas\u00a0Assembleias Legislativas\u00a0&#8211; 116. Para deputado federal, foram registradas 97. Tamb\u00e9m est\u00e3o cadastrados nove postulantes ao cargo de senador e 18 suplentes ao\u00a0Senado. Cinco candidatos a governador aparecem no portal:\u00a0Roberto Robaina\u00a0(PSOL), do\u00a0Rio Grande do Sul;\u00a0M\u00e1rcio Souza\u00a0(PSOL), de\u00a0Sergipe;\u00a0Coronel Ulysses\u00a0(PSL),\u00a0David Hall\u00a0(Avante) e\u00a0Jana\u00edna Furtado\u00a0(Rede), os tr\u00eas do\u00a0Acre.<\/p>\n<p class=\"text\">Uma \u00fanica candidatura j\u00e1 aparece como &#8220;inapta&#8221;, a de\u00a0Max da Silva Teodoro, que registrou candidatura para segundo suplente de\u00a0Senador\u00a0pela\u00a0Rede\u00a0do\u00a0Acre, mas ele desistiu de concorrer e teve a ren\u00fancia homologada pelo juiz eleitoral.<\/p>\n<p class=\"text\">O\u00a0TSE\u00a0tamb\u00e9m divulgou dados sobre o perfil dos candidatos registrados: 71,2% s\u00e3o homens e 28,8% s\u00e3o mulheres. Casados s\u00e3o 50,4% e 37,6%, solteiros. A maioria tem entre 40 e 49 anos (89 candidatos) e 56% t\u00eam ensino superior completo. Quanto \u00e0 cor\/ra\u00e7a declarada, 50,4% se identificam como brancos e 36,4%, como pardos. Pretos s\u00e3o 10,8%.<\/p>\n<p>&nbsp;<\/p>\n<p>Com Terra\/Foto: Reprodu\u00e7\u00e3o Internet<\/p>\n<\/div>\n","protected":false},"excerpt":{"rendered":"<p>Na primeira atualiza\u00e7\u00e3o do novo portal de estat\u00edsticas eleitorais do\u00a0Tribunal Superior Eleitoral\u00a0(TSE), o \u00f3rg\u00e3o oficializou o registro, feito pelos partidos, de 250 candidaturas para as&hellip; <\/p>\n","protected":false},"author":1,"featured_media":836,"comment_status":"closed","ping_status":"closed","sticky":false,"template":"","format":"standard","meta":{"sfsi_plus_gutenberg_text_before_share":"","sfsi_plus_gutenberg_show_text_before_share":"","sfsi_plus_gutenberg_icon_type":"","sfsi_plus_gutenberg_icon_alignemt":"","sfsi_plus_gutenburg_max_per_row":"","footnotes":""},"categories":[1],"tags":[],"class_list":["post-59380","post","type-post","status-publish","format-standard","has-post-thumbnail","hentry","category-o-site"],"_links":{"self":[{"href":"https:\/\/www.caririemacao.com\/1\/wp-json\/wp\/v2\/posts\/59380","targetHints":{"allow":["GET"]}}],"collection":[{"href":"https:\/\/www.caririemacao.com\/1\/wp-json\/wp\/v2\/posts"}],"about":[{"href":"https:\/\/www.caririemacao.com\/1\/wp-json\/wp\/v2\/types\/post"}],"author":[{"embeddable":true,"href":"https:\/\/www.caririemacao.com\/1\/wp-json\/wp\/v2\/users\/1"}],"replies":[{"embeddable":true,"href":"https:\/\/www.caririemacao.com\/1\/wp-json\/wp\/v2\/comments?post=59380"}],"version-history":[{"count":1,"href":"https:\/\/www.caririemacao.com\/1\/wp-json\/wp\/v2\/posts\/59380\/revisions"}],"predecessor-version":[{"id":59381,"href":"https:\/\/www.caririemacao.com\/1\/wp-json\/wp\/v2\/posts\/59380\/revisions\/59381"}],"wp:featuredmedia":[{"embeddable":true,"href":"https:\/\/www.caririemacao.com\/1\/wp-json\/wp\/v2\/media\/836"}],"wp:attachment":[{"href":"https:\/\/www.caririemacao.com\/1\/wp-json\/wp\/v2\/media?parent=59380"}],"wp:term":[{"taxonomy":"category","embeddable":true,"href":"https:\/\/www.caririemacao.com\/1\/wp-json\/wp\/v2\/categories?post=59380"},{"taxonomy":"post_tag","embeddable":true,"href":"https:\/\/www.caririemacao.com\/1\/wp-json\/wp\/v2\/tags?post=59380"}],"curies":[{"name":"wp","href":"https:\/\/api.w.org\/{rel}","templated":true}]}}