{"id":59382,"date":"2018-08-02T08:34:27","date_gmt":"2018-08-02T11:34:27","guid":{"rendered":"http:\/\/caririemacao.com\/1\/?p=59382"},"modified":"2018-08-02T08:34:27","modified_gmt":"2018-08-02T11:34:27","slug":"com-surto-no-norte-do-pais-total-de-casos-de-sarampo-ja-e-o-maior-desde-1999","status":"publish","type":"post","link":"https:\/\/www.caririemacao.com\/1\/2018\/08\/02\/com-surto-no-norte-do-pais-total-de-casos-de-sarampo-ja-e-o-maior-desde-1999\/","title":{"rendered":"Com surto no Norte do pa\u00eds, total de casos de sarampo j\u00e1 \u00e9 o maior desde 1999"},"content":{"rendered":"<p>Em novo sinal do\u00a0avan\u00e7o do sarampo, o Brasil j\u00e1 soma 1.053 casos confirmados da doen\u00e7a, patamar que n\u00e3o era registrado desde 1999.<\/p>\n<p>Naquele ano, o pa\u00eds havia confirmado 908 casos, segundo dados de s\u00e9rie hist\u00f3rica do Minist\u00e9rio da Sa\u00fade, analisados.<\/p>\n<p>Um ano depois, j\u00e1 em cen\u00e1rio de redu\u00e7\u00e3o da transmiss\u00e3o, o pa\u00eds registrou apenas 36 casos confirmados, incluindo o \u00faltimo caso considerado \u201caut\u00f3ctone\u201d \u2013nome dado aos casos adquiridos quando h\u00e1 transmiss\u00e3o local e sustentada de uma doen\u00e7a.<\/p>\n<p>Desde ent\u00e3o, houve apenas surtos espor\u00e1dicos, todos relacionados a uma\u00a0importa\u00e7\u00e3o de v\u00edrus do\u00a0sarampo\u00a0de outros pa\u00edses. O \u00faltimo desses surtos ocorreu entre 2013 e 2015, no Cear\u00e1 e em Pernambuco.<\/p>\n<p>Entre esse per\u00edodo, houve 1.310 casos. Deste total, 876 ocorreram em todo o ano de 2014, \u00faltimo pico da doen\u00e7a desde 2000.<\/p>\n<p>Embora ainda menor que o \u00faltimo surto, a situa\u00e7\u00e3o atual, assim, j\u00e1 ultrapassa esse patamar comparado por ano. Tamb\u00e9m d\u00e1 sinais de que pode crescer, j\u00e1 que h\u00e1 ainda 4.576 casos suspeitos em investiga\u00e7\u00e3o.<\/p>\n<p>Segundo o minist\u00e9rio, os dados deste ano consideram\u00a0o per\u00edodo de fevereiro a 30 de julho, quando a doen\u00e7a voltou a avan\u00e7ar no pa\u00eds desde a notifica\u00e7\u00e3o do primeiro\u00a0caso\u00a0suspeito de sarampo\u00a0em Roraima.<\/p>\n<p>Na \u00e9poca, equipes de sa\u00fade atenderam a uma crian\u00e7a\u00a0de um ano\u00a0vinda\u00a0da Venezuela com quadro de febre, tosse, exantema\u00a0(manchas vermelhas), coriza\u00a0e conjuntivite. Ap\u00f3s atendimento, o\u00a0caso foi confirmado em exames.<\/p>\n<p>Com o aumento na imigra\u00e7\u00e3o e surto no pa\u00eds vizinho,\u00a0outros casos passaram a ser registrados.<\/p>\n<p>Ao todo, sete estados j\u00e1 registram casos de sarampo. Amazonas continua \u00e0 frente dessa lista, com 742 casos confirmados e 4.470 em investiga\u00e7\u00e3o, a maioria na capital, Manaus.<\/p>\n<p>Em seguida, est\u00e1 Roraima, com 280 casos confirmados e 106 em investiga\u00e7\u00e3o &#8212; destes, 70%\u00a0 ocorreram em venezuelanos,\u00a0a maioria imigrantes que tentam fugir da\u00a0forte crise que assola o pa\u00eds vizinho.<\/p>\n<p>Tamb\u00e9m houve 14 casos confirmados no Rio de Janeiro e 13 no Rio Grande do Sul, al\u00e9m de dois no Par\u00e1, um em S\u00e3o Paulo e outro em Rond\u00f4nia.<\/p>\n<div>\n<div class=\"widget-infographic js-widget-infographic\" data-url=\"https:\/\/arte.folha.uol.com.br\/graficos\/d4gMs\/\">Em nota, o Minist\u00e9rio da Sa\u00fade\u00a0diz realizar medidas de bloqueio do avan\u00e7o da doen\u00e7a nestes locais por meio da vacina\u00e7\u00e3o.\u00a0\u201c\u00c9 importante ressaltar que n\u00e3o h\u00e1 necessidade de corrida aos postos de sa\u00fade, j\u00e1 que as a\u00e7\u00f5es para controle do surto da doen\u00e7a nas localidades acometidas por casos de sarampo est\u00e3o sendo realizadas\u201d, informa a pasta.<\/div>\n<\/div>\n<p class=\"c-news__subtitle\"><strong>SURTO &#8216;IMPORTADO&#8217;<\/strong><\/p>\n<p>Segundo o minist\u00e9rio, ambos os surtos em Roraima e no Amazonas s\u00e3o relacionados a uma importa\u00e7\u00e3o do v\u00edrus que circula na Venezuela. Isso porque o gen\u00f3tipo do v\u00edrus \u00e9 o D8, o mesmo que circula no pa\u00eds vizinho.<\/p>\n<p>Com isso, a pasta diz considerar o surto nestes dois locais como \u201cimportado\u201d. O mesmo ocorre nos demais estados que registram casos, onde pacientes tinham hist\u00f3rico de viagem a locais com surto da doen\u00e7a na Europa e L\u00edbano.<\/p>\n<p>A situa\u00e7\u00e3o, por\u00e9m, amea\u00e7a o pa\u00eds de perder o certificado de elimina\u00e7\u00e3o do sarampo que recebeu da Opas (Organiza\u00e7\u00e3o Pan-americana de Sa\u00fade) em 2016.<\/p>\n<p>Tamb\u00e9m se agrava diante da queda de coberturas vacinais.\u00a0Conforme adiantado pela Folha,\u00a0o pa\u00eds registrou em 2017 o \u00edndice mais baixo de vacina\u00e7\u00e3o de crian\u00e7as dos \u00faltimos 16\u00a0anos.<\/p>\n<p>Em nota, o minist\u00e9rio diz que tem \u201cfeito esfor\u00e7os para manter o certificado, interromper a transmiss\u00e3o dos surtos e impedir que se estabele\u00e7a a transmiss\u00e3o sustentada\u201d \u2014o que ocorre caso o surto seja mantido por mais de 12 meses.<\/p>\n<p class=\"c-news__subtitle\"><strong>CAMPANHA DE VACINA\u00c7\u00c3O<\/strong><\/p>\n<p>Em outra estrat\u00e9gia de controle da doen\u00e7a, o Minist\u00e9rio da Sa\u00fade\u00a0inicia na pr\u00f3xima segunda-feira (6)\u00a0uma campanha de vacina\u00e7\u00e3o contra o sarampo e a poliomielite.<\/p>\n<p>Ao todo, 11,2 milh\u00f5es de crian\u00e7as entre um ano e menores de cinco anos devem ser vacinadas contra as duas doen\u00e7as, independentemente da situa\u00e7\u00e3o vacinal. Com isso, at\u00e9 mesmo aquelas que j\u00e1 receberam as doses no passado devem ser vacinadas novamente.<\/p>\n<p>O objetivo tamb\u00e9m \u00e9 refor\u00e7ar a prote\u00e7\u00e3o e facilitar a aplica\u00e7\u00e3o das doses, afirma a coordenadora do Programa Nacional de Imuniza\u00e7\u00f5es, Carla Domingues.<\/p>\n<p>&#8220;Precisamos garantir o que chamamos de imunidade de grupo e termos 95% das crian\u00e7as vacinadas. Dessa forma criamos uma barreira sanit\u00e1ria e evitamos com que os v\u00edrus do sarampo e p\u00f3lio voltem a circular. A vacina\u00e7\u00e3o desse grupo tamb\u00e9m protege as crian\u00e7as que ainda n\u00e3o podem receber a vacina porque ainda n\u00e3o tem idade&#8221;, diz.<\/p>\n<p class=\"c-news__subtitle\"><strong>PERGUNTAS E RESPOSTAS SOBRE O SARAMPO E A VACINA<\/strong><\/p>\n<p><b>A DOEN\u00c7A<\/b><\/p>\n<p><b>O que \u00e9 o\u00a0<\/b><b>sarampo?\u00a0<\/b>\u00c9 uma doen\u00e7a infecciosa, causada por um v\u00edrus. \u00c9 grave e extremamente contagiosa. Suas complica\u00e7\u00f5es s\u00e3o maiores em crian\u00e7as\u00a0menores de um ano de idade e\u00a0desnutridas.<\/p>\n<p><b>Quais s\u00e3o os\u00a0<\/b><b>sintomas?\u00a0<\/b>Manchas avermelhadas na pele, manchas brancas na parte de dentro das bochechas, febre alta (acima de 38,5\u00b0C), tosse, coriza e conjuntivite.<\/p>\n<p><b>Como ela \u00e9\u00a0<\/b><b>transmitida?\u00a0<\/b>Pelo contato direto com a secre\u00e7\u00e3o do doente (ao espirrar, tossir ou falar), pela m\u00e3o (tocando objetos infectados e depois levando-a \u00e0 boca ou nariz) e pelo ar, em ambientes fechados como escolas, creches e cl\u00ednicas.<\/p>\n<p><b>Por quanto tempo a transmiss\u00e3o\u00a0<\/b><b>ocorre?\u00a0<\/b>De quatro a seis dias antes e at\u00e9 quatro dias ap\u00f3s o aparecimento das manchas na pele. O maior risco ocorre dois dias antes e dois dias depois.<\/p>\n<p><b>Como me\u00a0<\/b><b>prevenir?\u00a0<\/b>A \u00fanica maneira \u00e9 tomando a vacina.<\/p>\n<p><b>O que devo fazer se sentir sintomas do\u00a0<\/b><b>sarampo?\u00a0<\/b>Procure uma unidade de sa\u00fade e evite usar medicamentos por conta pr\u00f3pria.<\/p>\n<p><b>Como funciona o\u00a0<\/b><b>tratamento?\u00a0<\/b>N\u00e3o existe tratamento espec\u00edfico. Crian\u00e7as podem ser recomendadas a tomar vitamina A para evitar casos graves e fatais. Se n\u00e3o houver complica\u00e7\u00f5es, \u00e9 importante se hidratar, comer comidas leves e manter a febre baixa.<\/p>\n<p><b>A VACINA<\/b><\/p>\n<p><b>Quem deve tomar a vacina contra\u00a0<\/b><b>sarampo?\u00a0<\/b>O\u00a0 m\u00e1ximo de pessoas poss\u00edvel. Beb\u00eas devem receber, aos 12 meses, uma dose da vacina tr\u00edplice viral (contra sarampo, caxumba e rub\u00e9ola) e, aos 15 meses, uma dose da tetra viral (que tamb\u00e9m protege contra catapora).Quem n\u00e3o tomou a vacina quando beb\u00ea deve tom\u00e1-la depois: duas doses da tr\u00edplice viral se tiver at\u00e9 29 anos de idade (com um m\u00eas de intervalo) e uma dose se tiver de 30 a 49 anos.<\/p>\n<p><strong>Qual o p\u00fablico alvo da campanha de vacina\u00e7\u00e3o que come\u00e7a no dia 6 de agosto?\u00a0<\/strong>Crian\u00e7as de 1 a 5 anos. Mesmo as que j\u00e1 tomaram a vacina no ano passado devem tomar uma nova dose. A medida, segundo o Minist\u00e9rio da Sa\u00fade,\u00a0ajuda a refor\u00e7ar a prote\u00e7\u00e3o.<\/p>\n<p><b>Por que quem tem 50 anos ou mais n\u00e3o precisa se\u00a0<\/b><b>imunizar?\u00a0<\/b>Considera-se que pessoas com essa idade j\u00e1 tiveram contato com o v\u00edrus antes. Por isso, reservam-se as doses a quem tem mais risco de contrair a doen\u00e7a.<\/p>\n<p><b>Quem n\u00e3o deve tomar a\u00a0<\/b><b>vacina?\u00a0<\/b>Gestantes, beb\u00eas com menos de seis meses, pessoas com suspeita de sarampo e imunocomprometidos. Quem j\u00e1 teve a doen\u00e7a tamb\u00e9m n\u00e3o precisa se imunizar.<\/p>\n<p><b>O que devo fazer se ficar gr\u00e1vida e n\u00e3o estiver\u00a0<\/b><b>vacinada?\u00a0<\/b>Espere para ser vacinada ap\u00f3s o parto. Caso esteja planejando ter um filho, assegure-se de que est\u00e1 protegida fazendo um exame de sangue e, se n\u00e3o estiver, tome a vacina ao menos quatro semanas antes de engravidar.<\/p>\n<p><b>Quanto tempo a vacina leva para fazer\u00a0<\/b><b>efeito?\u00a0<\/b>De duas a tr\u00eas semanas.<\/p>\n<p><b>N\u00e3o me lembro se fui vacinado, o que devo\u00a0<\/b><b>fazer?\u00a0<\/b>Se tiver at\u00e9 49 anos de idade, tome a vacina. A partir dessa idade, a imuniza\u00e7\u00e3o deve ser avaliada caso a caso.<\/p>\n<p><b>S\u00f3 tomei uma dose quando beb\u00ea, devo tomar\u00a0<\/b><b>outra?\u00a0<\/b>Sim, a segunda dose garante que voc\u00ea esteja protegido. Segundo o infectologista Renato Kfouri, cerca de 85% a 90% dos pacientes respondem \u00e0 primeira dose, enquanto com a segunda dose esse n\u00famero aumenta para 95% a 97%.<\/p>\n<p><b>O beb\u00ea pode tomar as vacinas tr\u00edplice e tetra viral junto com\u00a0<\/b><b>outras?\u00a0<\/b>Sim, exceto com a de febre amarela.<\/p>\n<p>Com Folha de S\u00e3o Paulo\/Foto: Reprodu\u00e7\u00e3o Internet<\/p>\n","protected":false},"excerpt":{"rendered":"<p>Em novo sinal do\u00a0avan\u00e7o do sarampo, o Brasil j\u00e1 soma 1.053 casos confirmados da doen\u00e7a, patamar que n\u00e3o era registrado desde 1999. Naquele ano, o&hellip; <\/p>\n","protected":false},"author":1,"featured_media":59383,"comment_status":"closed","ping_status":"closed","sticky":false,"template":"","format":"standard","meta":{"sfsi_plus_gutenberg_text_before_share":"","sfsi_plus_gutenberg_show_text_before_share":"","sfsi_plus_gutenberg_icon_type":"","sfsi_plus_gutenberg_icon_alignemt":"","sfsi_plus_gutenburg_max_per_row":"","footnotes":""},"categories":[16],"tags":[],"class_list":["post-59382","post","type-post","status-publish","format-standard","has-post-thumbnail","hentry","category-saude"],"_links":{"self":[{"href":"https:\/\/www.caririemacao.com\/1\/wp-json\/wp\/v2\/posts\/59382","targetHints":{"allow":["GET"]}}],"collection":[{"href":"https:\/\/www.caririemacao.com\/1\/wp-json\/wp\/v2\/posts"}],"about":[{"href":"https:\/\/www.caririemacao.com\/1\/wp-json\/wp\/v2\/types\/post"}],"author":[{"embeddable":true,"href":"https:\/\/www.caririemacao.com\/1\/wp-json\/wp\/v2\/users\/1"}],"replies":[{"embeddable":true,"href":"https:\/\/www.caririemacao.com\/1\/wp-json\/wp\/v2\/comments?post=59382"}],"version-history":[{"count":1,"href":"https:\/\/www.caririemacao.com\/1\/wp-json\/wp\/v2\/posts\/59382\/revisions"}],"predecessor-version":[{"id":59384,"href":"https:\/\/www.caririemacao.com\/1\/wp-json\/wp\/v2\/posts\/59382\/revisions\/59384"}],"wp:featuredmedia":[{"embeddable":true,"href":"https:\/\/www.caririemacao.com\/1\/wp-json\/wp\/v2\/media\/59383"}],"wp:attachment":[{"href":"https:\/\/www.caririemacao.com\/1\/wp-json\/wp\/v2\/media?parent=59382"}],"wp:term":[{"taxonomy":"category","embeddable":true,"href":"https:\/\/www.caririemacao.com\/1\/wp-json\/wp\/v2\/categories?post=59382"},{"taxonomy":"post_tag","embeddable":true,"href":"https:\/\/www.caririemacao.com\/1\/wp-json\/wp\/v2\/tags?post=59382"}],"curies":[{"name":"wp","href":"https:\/\/api.w.org\/{rel}","templated":true}]}}