{"id":59385,"date":"2018-08-02T08:39:38","date_gmt":"2018-08-02T11:39:38","guid":{"rendered":"http:\/\/caririemacao.com\/1\/?p=59385"},"modified":"2018-08-02T08:40:41","modified_gmt":"2018-08-02T11:40:41","slug":"sequencia-de-votacao-na-urna-eletronica-pode-confundir-os-eleitores","status":"publish","type":"post","link":"https:\/\/www.caririemacao.com\/1\/2018\/08\/02\/sequencia-de-votacao-na-urna-eletronica-pode-confundir-os-eleitores\/","title":{"rendered":"Sequ\u00eancia de vota\u00e7\u00e3o na urna eletr\u00f4nica pode confundir os eleitores"},"content":{"rendered":"<div class=\"c-signature c-signature--left\" data-force-change-font-size=\"\">Apesar de figurar em segundo plano em visibilidade e na campanha, \u00e9 a\u00a0elei\u00e7\u00e3o\u00a0proporcional que inicia a vota\u00e7\u00e3o na urna eletr\u00f4nica. Em 7 de outubro, mais de 140 milh\u00f5es de eleitores dever\u00e3o fazer seis escolhas na seguinte ordem: deputado federal, deputado estadual ou distrital, senador 1, senador 2, governador e, por fim, presidente.<\/div>\n<div class=\"c-news__body\" data-share-text=\"\" data-news-content-text=\"\" data-disable-copy=\"\" data-continue-reading=\"\" data-continue-reading-hide-others=\".js-continue-reading-hidden\">\n<p>Essa sequ\u00eancia esdr\u00faxula foi implantada nas elei\u00e7\u00f5es de 1998 e tem sua raz\u00e3o.<\/p>\n<p>No processo eletr\u00f4nico, se o eleitor confirmar um voto e deixar de concluir os demais, os n\u00e3o computados ser\u00e3o considerados nulos.<\/p>\n<p>Essa solu\u00e7\u00e3o \u00e9 necess\u00e1ria para que a urna seja habilitada para o pr\u00f3ximo eleitor.<\/p>\n<p>Assim, havia o receio de que, caso a vota\u00e7\u00e3o come\u00e7asse pelos cargos executivos, que t\u00eam maior apelo, o eleitor n\u00e3o iria at\u00e9 o final do processo para consignar os votos para deputado federal e estadual.<\/p>\n<p>A norma \u00e0 \u00e9poca, ent\u00e3o, previu que primeiro seriam apresentadas ao eleitor as telas das elei\u00e7\u00f5es proporcionais e, em seguida, das majorit\u00e1rias.<\/p>\n<p>A sistem\u00e1tica foi a mesma usada anteriormente com as c\u00e9dulas. O eleitor s\u00f3 recebia a amarela (majorit\u00e1ria) depois que votasse na branca (proporcional).<\/p>\n<p>Por\u00e9m, a lei n\u00e3o determinou a ordem entre deputado federal e estadual, o que era feito pelo TSE, usufruindo de seu poder normativo.<\/p>\n<p>Nas duas \u00faltimas elei\u00e7\u00f5es gerais (2014 e 2010), o cargo de deputado estadual figurou em primeiro lugar, ao contr\u00e1rio das anteriores (1998, 2002 e 2006), quando o de deputado federal iniciou a vota\u00e7\u00e3o.<\/p>\n<p>Nestas elei\u00e7\u00f5es, contudo, a ordem n\u00e3o foi decidida pelo TSE. Ser\u00e1 aplicada uma nova lei, feita exclusivamente para sacramentar a sequ\u00eancia da vota\u00e7\u00e3o, estabelecendo o primeiro voto para deputado federal.<\/p>\n<p>A mudan\u00e7a na ordem crescente de cargos, que vinha sendo empregada, pode parecer uma sutileza de menor import\u00e2ncia, mas como em pol\u00edtica n\u00e3o se d\u00e1 ponto sem n\u00f3, \u00e9 necess\u00e1rio ficar atento ao objetivo da altera\u00e7\u00e3o.<\/p>\n<p>Por exemplo, se o eleitor desavisado digitar o n\u00famero do candidato a presidente \u2014que corresponde ao respectivo partido\u2014 no campo para deputado federal e confirmar, o voto ser\u00e1 computado para a respectiva legenda do partido\/coliga\u00e7\u00e3o do deputado.<\/p>\n<p>Outra escolha que pode confundir \u00e9 em rela\u00e7\u00e3o \u00e0s duas vagas para o Senado. O eleitor dever\u00e1 votar em candidatos diferentes, caso contr\u00e1rio o segundo voto ser\u00e1 considerado nulo.<\/p>\n<p>A elei\u00e7\u00e3o para o Senado obedece ao princ\u00edpio\u00a0majorit\u00e1rio.<\/p>\n<p>Ser\u00e3o eleitos em cada estado os dois candidatos mais votados. Apesar disso, o eleitor \u00e9 obrigado a fazer duas escolhas, o que n\u00e3o deixa de ser muito dif\u00edcil, considerando o cen\u00e1rio atual de des\u00e2nimo.<\/p>\n<p>Diante da complexidade dessas elei\u00e7\u00f5es, \u00e9 de extrema import\u00e2ncia que o TSE desenvolva campanha intensa para esclarecer o eleitor sobre a ordem de vota\u00e7\u00e3o e que ele compare\u00e7a \u00e0 cabine com a chamada \u201ccolinha\u201d.<\/p>\n<p>Com Folha de S\u00e3o Paulo\/Foto: Reprodu\u00e7\u00e3o Internet<\/p>\n<\/div>\n","protected":false},"excerpt":{"rendered":"<p>Apesar de figurar em segundo plano em visibilidade e na campanha, \u00e9 a\u00a0elei\u00e7\u00e3o\u00a0proporcional que inicia a vota\u00e7\u00e3o na urna eletr\u00f4nica. Em 7 de outubro, mais&hellip; <\/p>\n","protected":false},"author":1,"featured_media":34970,"comment_status":"closed","ping_status":"closed","sticky":false,"template":"","format":"standard","meta":{"sfsi_plus_gutenberg_text_before_share":"","sfsi_plus_gutenberg_show_text_before_share":"","sfsi_plus_gutenberg_icon_type":"","sfsi_plus_gutenberg_icon_alignemt":"","sfsi_plus_gutenburg_max_per_row":"","footnotes":""},"categories":[11],"tags":[],"class_list":["post-59385","post","type-post","status-publish","format-standard","has-post-thumbnail","hentry","category-politica"],"_links":{"self":[{"href":"https:\/\/www.caririemacao.com\/1\/wp-json\/wp\/v2\/posts\/59385","targetHints":{"allow":["GET"]}}],"collection":[{"href":"https:\/\/www.caririemacao.com\/1\/wp-json\/wp\/v2\/posts"}],"about":[{"href":"https:\/\/www.caririemacao.com\/1\/wp-json\/wp\/v2\/types\/post"}],"author":[{"embeddable":true,"href":"https:\/\/www.caririemacao.com\/1\/wp-json\/wp\/v2\/users\/1"}],"replies":[{"embeddable":true,"href":"https:\/\/www.caririemacao.com\/1\/wp-json\/wp\/v2\/comments?post=59385"}],"version-history":[{"count":2,"href":"https:\/\/www.caririemacao.com\/1\/wp-json\/wp\/v2\/posts\/59385\/revisions"}],"predecessor-version":[{"id":59393,"href":"https:\/\/www.caririemacao.com\/1\/wp-json\/wp\/v2\/posts\/59385\/revisions\/59393"}],"wp:featuredmedia":[{"embeddable":true,"href":"https:\/\/www.caririemacao.com\/1\/wp-json\/wp\/v2\/media\/34970"}],"wp:attachment":[{"href":"https:\/\/www.caririemacao.com\/1\/wp-json\/wp\/v2\/media?parent=59385"}],"wp:term":[{"taxonomy":"category","embeddable":true,"href":"https:\/\/www.caririemacao.com\/1\/wp-json\/wp\/v2\/categories?post=59385"},{"taxonomy":"post_tag","embeddable":true,"href":"https:\/\/www.caririemacao.com\/1\/wp-json\/wp\/v2\/tags?post=59385"}],"curies":[{"name":"wp","href":"https:\/\/api.w.org\/{rel}","templated":true}]}}