{"id":59386,"date":"2018-08-02T08:42:04","date_gmt":"2018-08-02T11:42:04","guid":{"rendered":"http:\/\/caririemacao.com\/1\/?p=59386"},"modified":"2018-08-02T09:18:16","modified_gmt":"2018-08-02T12:18:16","slug":"acordo-do-psb-com-pt-provoca-o-isolamento-de-ciro-gomes","status":"publish","type":"post","link":"https:\/\/www.caririemacao.com\/1\/2018\/08\/02\/acordo-do-psb-com-pt-provoca-o-isolamento-de-ciro-gomes\/","title":{"rendered":"Acordo do PSB com PT provoca o isolamento de Ciro Gomes"},"content":{"rendered":"<p>PT e PSB decidiram sacrificar candidaturas estaduais nas elei\u00e7\u00f5es de outubro em nome de um pacto nacional que isolar\u00e1 Ciro Gomes, o presidenci\u00e1vel do PDT.\u00a0Consumado o acordo, os socialistas anunciar\u00e3o neutralidade na corrida ao Planalto.<\/p>\n<p>O PT desistir\u00e1 da candidatura de Mar\u00edlia Arraes ao governo de Pernambuco e apoiar\u00e1 a reelei\u00e7\u00e3o do governador Paulo C\u00e2mara (PSB).<\/p>\n<p>Em Minas, o PSB n\u00e3o lan\u00e7ar\u00e1 M\u00e1rcio Lacerda e se alinhar\u00e1 com o PT para tentar reeleger Fernando Pimentel, destaca o jornal Folha de S\u00e3o Paulo.<\/p>\n<p>Para o ex-presidente, n\u00e3o h\u00e1 espa\u00e7o para um nome do PT e outro do PDT, ambos de esquerda, na elei\u00e7\u00e3o.<\/p>\n<p><strong>Cariri em A\u00e7\u00e3o<\/strong><\/p>\n<p>Leia mais not\u00edcias em\u00a0<a href=\"http:\/\/www.caririemacao.com\/\">caririemacao.com<\/a>, siga nossa p\u00e1gina no\u00a0<a href=\"https:\/\/www.facebook.com\/CaririEmAcao\/?ref=aymt_homepage_panel\">Facebook<\/a>,\u00a0<a href=\"https:\/\/www.instagram.com\/cariri_em_acao\/?hl=pt-br\">Instagram<\/a>\u00a0e\u00a0<a href=\"https:\/\/www.youtube.com\/channel\/UCAptA0jQuYQy8vMhLt2m4qg\">Youtube<\/a>\u00a0e veja nossas mat\u00e9rias, v\u00eddeos e fotos. Voc\u00ea tamb\u00e9m pode enviar informa\u00e7\u00f5es \u00e0 Reda\u00e7\u00e3o do Portal Cariri em A\u00e7\u00e3o pelo WhatsApp (83) 9 9634.5791, (83) 9 9601-1162.<\/p>\n","protected":false},"excerpt":{"rendered":"<p>PT e PSB decidiram sacrificar candidaturas estaduais nas elei\u00e7\u00f5es de outubro em nome de um pacto nacional que isolar\u00e1 Ciro Gomes, o presidenci\u00e1vel do PDT.\u00a0Consumado&hellip; <\/p>\n","protected":false},"author":1,"featured_media":56510,"comment_status":"closed","ping_status":"closed","sticky":false,"template":"","format":"standard","meta":{"sfsi_plus_gutenberg_text_before_share":"","sfsi_plus_gutenberg_show_text_before_share":"","sfsi_plus_gutenberg_icon_type":"","sfsi_plus_gutenberg_icon_alignemt":"","sfsi_plus_gutenburg_max_per_row":"","footnotes":""},"categories":[1],"tags":[],"class_list":["post-59386","post","type-post","status-publish","format-standard","has-post-thumbnail","hentry","category-o-site"],"_links":{"self":[{"href":"https:\/\/www.caririemacao.com\/1\/wp-json\/wp\/v2\/posts\/59386","targetHints":{"allow":["GET"]}}],"collection":[{"href":"https:\/\/www.caririemacao.com\/1\/wp-json\/wp\/v2\/posts"}],"about":[{"href":"https:\/\/www.caririemacao.com\/1\/wp-json\/wp\/v2\/types\/post"}],"author":[{"embeddable":true,"href":"https:\/\/www.caririemacao.com\/1\/wp-json\/wp\/v2\/users\/1"}],"replies":[{"embeddable":true,"href":"https:\/\/www.caririemacao.com\/1\/wp-json\/wp\/v2\/comments?post=59386"}],"version-history":[{"count":5,"href":"https:\/\/www.caririemacao.com\/1\/wp-json\/wp\/v2\/posts\/59386\/revisions"}],"predecessor-version":[{"id":59409,"href":"https:\/\/www.caririemacao.com\/1\/wp-json\/wp\/v2\/posts\/59386\/revisions\/59409"}],"wp:featuredmedia":[{"embeddable":true,"href":"https:\/\/www.caririemacao.com\/1\/wp-json\/wp\/v2\/media\/56510"}],"wp:attachment":[{"href":"https:\/\/www.caririemacao.com\/1\/wp-json\/wp\/v2\/media?parent=59386"}],"wp:term":[{"taxonomy":"category","embeddable":true,"href":"https:\/\/www.caririemacao.com\/1\/wp-json\/wp\/v2\/categories?post=59386"},{"taxonomy":"post_tag","embeddable":true,"href":"https:\/\/www.caririemacao.com\/1\/wp-json\/wp\/v2\/tags?post=59386"}],"curies":[{"name":"wp","href":"https:\/\/api.w.org\/{rel}","templated":true}]}}