{"id":59396,"date":"2018-08-02T08:50:29","date_gmt":"2018-08-02T11:50:29","guid":{"rendered":"http:\/\/caririemacao.com\/1\/?p=59396"},"modified":"2018-08-02T09:10:38","modified_gmt":"2018-08-02T12:10:38","slug":"presidente-do-tse-luiz-fux-afirma-que-ex-presidente-lula-esta-inelegivel","status":"publish","type":"post","link":"https:\/\/www.caririemacao.com\/1\/2018\/08\/02\/presidente-do-tse-luiz-fux-afirma-que-ex-presidente-lula-esta-inelegivel\/","title":{"rendered":"Presidente do TSE, Luiz Fux, afirma que ex-presidente Lula est\u00e1 ineleg\u00edvel"},"content":{"rendered":"<p>O presidente do Tribunal Superior Eleitoral (TSE), Luiz Fux, considerou hoje (1\u00ba) que o ex-presidente Luiz In\u00e1cio Lula da Silva est\u00e1 ineleg\u00edvel. A afirma\u00e7\u00e3o do ministro consta na decis\u00e3o na qual ele rejeitou um pedido de um cidad\u00e3o para barrar a candidatura do ex-presidente antes mesmo do per\u00edodo de registro, que termina em 15 agosto.<\/p>\n<p>Embora tenha rejeitado o pedido do advogado por entender que o profissional n\u00e3o pode contestar o registro de candidatura, Fux reconheceu a inelegibilidade, mas disse que n\u00e3o pode decidir sobre a quest\u00e3o.<\/p>\n<p>\u201cN\u00e3o obstante vislumbrar a inelegibilidade da chapa do requerido, o v\u00edcio processual apontado imp\u00f5e a extin\u00e7\u00e3o do processo\u201d, decidiu Fux.<\/p>\n<p>Lula \u00e9 pr\u00e9-candidato \u00e0 Presid\u00eancia da Rep\u00fablica, mas pode ser barrado pela Lei da Ficha Limpa devido \u00e0 condena\u00e7\u00e3o na segunda inst\u00e2ncia. No entanto, a inelegibilidade n\u00e3o \u00e9 autom\u00e1tica, e o Tribunal Superior Eleitoral (TSE) precisa analisar o pedido para Lula concorrer. De acordo com o PT, o pedido de registro ser\u00e1 feito no dia 15 deste m\u00eas, \u00faltimo dia previsto no calend\u00e1rio eleitoral.<\/p>\n<p>Lula est\u00e1 preso desde 7 de abril na Superintend\u00eancia da Pol\u00edcia Federal em Curitiba. Ele foi condenado a 12 anos e um m\u00eas de pris\u00e3o pelos crimes de corrup\u00e7\u00e3o e lavagem de dinheiro na segunda inst\u00e2ncia da Justi\u00e7a Federal, o que o enquadra nos crit\u00e9rios de inelegibilidade da Lei da Ficha Limpa. Ele recorre em inst\u00e2ncias superiores contra a condena\u00e7\u00e3o. Fonte Ag\u00eancia Brasil.<\/p>\n<p>Cariri em A\u00e7\u00e3o<br \/>\nLeia mais not\u00edcias em\u00a0<a href=\"http:\/\/www.caririemacao.com\/\">caririemacao.com<\/a>, siga nossa p\u00e1gina no\u00a0<a href=\"https:\/\/www.facebook.com\/CaririEmAcao\/?ref=aymt_homepage_panel\">Facebook<\/a>,\u00a0<a href=\"https:\/\/www.instagram.com\/cariri_em_acao\/?hl=pt-br\">Instagram<\/a>\u00a0e\u00a0<a href=\"https:\/\/www.youtube.com\/channel\/UCAptA0jQuYQy8vMhLt2m4qg\">Youtube<\/a>\u00a0e veja nossas mat\u00e9rias, v\u00eddeos e fotos. Voc\u00ea tamb\u00e9m pode enviar informa\u00e7\u00f5es \u00e0 Reda\u00e7\u00e3o do Portal Cariri em A\u00e7\u00e3o pelo WhatsApp (83) 9 9634.5791, (83) 9 9601-1162.<\/p>\n","protected":false},"excerpt":{"rendered":"<p>O presidente do Tribunal Superior Eleitoral (TSE), Luiz Fux, considerou hoje (1\u00ba) que o ex-presidente Luiz In\u00e1cio Lula da Silva est\u00e1 ineleg\u00edvel. A afirma\u00e7\u00e3o do&hellip; <\/p>\n","protected":false},"author":1,"featured_media":50158,"comment_status":"closed","ping_status":"closed","sticky":false,"template":"","format":"standard","meta":{"sfsi_plus_gutenberg_text_before_share":"","sfsi_plus_gutenberg_show_text_before_share":"","sfsi_plus_gutenberg_icon_type":"","sfsi_plus_gutenberg_icon_alignemt":"","sfsi_plus_gutenburg_max_per_row":"","footnotes":""},"categories":[11],"tags":[],"class_list":["post-59396","post","type-post","status-publish","format-standard","has-post-thumbnail","hentry","category-politica"],"_links":{"self":[{"href":"https:\/\/www.caririemacao.com\/1\/wp-json\/wp\/v2\/posts\/59396","targetHints":{"allow":["GET"]}}],"collection":[{"href":"https:\/\/www.caririemacao.com\/1\/wp-json\/wp\/v2\/posts"}],"about":[{"href":"https:\/\/www.caririemacao.com\/1\/wp-json\/wp\/v2\/types\/post"}],"author":[{"embeddable":true,"href":"https:\/\/www.caririemacao.com\/1\/wp-json\/wp\/v2\/users\/1"}],"replies":[{"embeddable":true,"href":"https:\/\/www.caririemacao.com\/1\/wp-json\/wp\/v2\/comments?post=59396"}],"version-history":[{"count":2,"href":"https:\/\/www.caririemacao.com\/1\/wp-json\/wp\/v2\/posts\/59396\/revisions"}],"predecessor-version":[{"id":59400,"href":"https:\/\/www.caririemacao.com\/1\/wp-json\/wp\/v2\/posts\/59396\/revisions\/59400"}],"wp:featuredmedia":[{"embeddable":true,"href":"https:\/\/www.caririemacao.com\/1\/wp-json\/wp\/v2\/media\/50158"}],"wp:attachment":[{"href":"https:\/\/www.caririemacao.com\/1\/wp-json\/wp\/v2\/media?parent=59396"}],"wp:term":[{"taxonomy":"category","embeddable":true,"href":"https:\/\/www.caririemacao.com\/1\/wp-json\/wp\/v2\/categories?post=59396"},{"taxonomy":"post_tag","embeddable":true,"href":"https:\/\/www.caririemacao.com\/1\/wp-json\/wp\/v2\/tags?post=59396"}],"curies":[{"name":"wp","href":"https:\/\/api.w.org\/{rel}","templated":true}]}}