{"id":59399,"date":"2018-08-02T09:10:48","date_gmt":"2018-08-02T12:10:48","guid":{"rendered":"http:\/\/caririemacao.com\/1\/?p=59399"},"modified":"2018-08-02T09:14:41","modified_gmt":"2018-08-02T12:14:41","slug":"pc-do-b-lanca-manuela-davila-mas-nao-descarta-apoiar-pt-e-pdt","status":"publish","type":"post","link":"https:\/\/www.caririemacao.com\/1\/2018\/08\/02\/pc-do-b-lanca-manuela-davila-mas-nao-descarta-apoiar-pt-e-pdt\/","title":{"rendered":"PC do B lan\u00e7a Manuela D\u2019\u00c1vila, mas n\u00e3o descarta apoiar PT e PDT"},"content":{"rendered":"<p>O PC do B oficializou nesta quarta-feira (1\u00ba) a candidatura presidencial de Manuela D\u2019\u00c1vila ainda insistindo na tentativa de consenso para o lan\u00e7amento de um \u00fanico nome do campo da esquerda.<\/p>\n<p>Em discurso a uma plateia de militantes, em conven\u00e7\u00e3o nacional da legenda, a candidata assumiu o papel de interlocutora do apelo, dizendo que seu partido \u201cn\u00e3o ser\u00e1 \u00f3bice\u201d a uma unidade partid\u00e1ria e que a defender\u00e1 \u201cat\u00e9 o \u00faltimo dia que seja poss\u00edvel\u201d.<\/p>\n<p>\u201cN\u00f3s nunca fomos e nunca seremos \u00f3bice \u00e0 unidade de nosso campo pol\u00edtico. N\u00f3s precisamos estar o mais unidos poss\u00edvel para que ven\u00e7amos a elei\u00e7\u00e3o e interrompamos esse ciclo de destrui\u00e7\u00e3o do Brasil\u201d, disse.<\/p>\n<p>Apesar de ter oficializado o nome da deputada estadual, o PC do B n\u00e3o interrompeu o di\u00e1logo com o PT e com o PDT. As duas siglas atuam para t\u00ea-la como candidata a vice-presidente.<\/p>\n<p>Em entrevista \u00e0 imprensa, Manuela repetiu que n\u00e3o se coloca como \u00f3bice e disse que ficaria muito feliz que houvesse uma uni\u00e3o entre tr\u00eas ou quatro candidaturas. \u201cMesmo que eu n\u00e3o participasse da chapa\u201d, disse.<\/p>\n<p>Ela ressaltou, contudo, que sabe da viabilidade de sua candidatura ao Pal\u00e1cio do Planalto. \u201cCreio que voc\u00eas ter\u00e3o de conviver com minha candidatura at\u00e9 o dia das elei\u00e7\u00f5es\u201d, afirmou.<\/p>\n<p>No seu discurso, a candidata fez acenos pol\u00edticos a dois grupos de eleitores: indecisos e mulheres.<\/p>\n<p>\u201cMetade do povo brasileiro diz que n\u00e3o tem candidato. N\u00f3s temos de tomar a pol\u00edtica em nossas m\u00e3os\u201d, disse<\/p>\n<p>&nbsp;<\/p>\n<article id=\"post-59374\" class=\"post-59374 post type-post status-publish format-standard has-post-thumbnail hentry category-policia\">\n<div class=\"article-content clearfix\">\n<div class=\"entry-content clearfix\">\n<div class=\"pf-content\">\n<p>Para\u00edba Online \/Foto: Reprodu\u00e7\u00e3o<\/p>\n<\/div>\n<\/div>\n<\/div>\n<\/article>\n<p>&nbsp;<\/p>\n<p>Cariri em A\u00e7\u00e3o<br \/>\nLeia mais not\u00edcias em\u00a0<a href=\"http:\/\/www.caririemacao.com\/\">caririemacao.com<\/a>, siga nossa p\u00e1gina no\u00a0<a href=\"https:\/\/www.facebook.com\/CaririEmAcao\/?ref=aymt_homepage_panel\">Facebook<\/a>,\u00a0<a href=\"https:\/\/www.instagram.com\/cariri_em_acao\/?hl=pt-br\">Instagram<\/a>\u00a0e\u00a0<a href=\"https:\/\/www.youtube.com\/channel\/UCAptA0jQuYQy8vMhLt2m4qg\">Youtube<\/a>\u00a0e veja nossas mat\u00e9rias, v\u00eddeos e fotos. Voc\u00ea tamb\u00e9m pode enviar informa\u00e7\u00f5es \u00e0 Reda\u00e7\u00e3o do Portal Cariri em A\u00e7\u00e3o pelo WhatsApp (83) 9 9634.5791, (83) 9 9601-1162.<\/p>\n","protected":false},"excerpt":{"rendered":"<p>O PC do B oficializou nesta quarta-feira (1\u00ba) a candidatura presidencial de Manuela D\u2019\u00c1vila ainda insistindo na tentativa de consenso para o lan\u00e7amento de um&hellip; <\/p>\n","protected":false},"author":1,"featured_media":57880,"comment_status":"closed","ping_status":"closed","sticky":false,"template":"","format":"standard","meta":{"sfsi_plus_gutenberg_text_before_share":"","sfsi_plus_gutenberg_show_text_before_share":"","sfsi_plus_gutenberg_icon_type":"","sfsi_plus_gutenberg_icon_alignemt":"","sfsi_plus_gutenburg_max_per_row":"","footnotes":""},"categories":[1],"tags":[],"class_list":["post-59399","post","type-post","status-publish","format-standard","has-post-thumbnail","hentry","category-o-site"],"_links":{"self":[{"href":"https:\/\/www.caririemacao.com\/1\/wp-json\/wp\/v2\/posts\/59399","targetHints":{"allow":["GET"]}}],"collection":[{"href":"https:\/\/www.caririemacao.com\/1\/wp-json\/wp\/v2\/posts"}],"about":[{"href":"https:\/\/www.caririemacao.com\/1\/wp-json\/wp\/v2\/types\/post"}],"author":[{"embeddable":true,"href":"https:\/\/www.caririemacao.com\/1\/wp-json\/wp\/v2\/users\/1"}],"replies":[{"embeddable":true,"href":"https:\/\/www.caririemacao.com\/1\/wp-json\/wp\/v2\/comments?post=59399"}],"version-history":[{"count":4,"href":"https:\/\/www.caririemacao.com\/1\/wp-json\/wp\/v2\/posts\/59399\/revisions"}],"predecessor-version":[{"id":59407,"href":"https:\/\/www.caririemacao.com\/1\/wp-json\/wp\/v2\/posts\/59399\/revisions\/59407"}],"wp:featuredmedia":[{"embeddable":true,"href":"https:\/\/www.caririemacao.com\/1\/wp-json\/wp\/v2\/media\/57880"}],"wp:attachment":[{"href":"https:\/\/www.caririemacao.com\/1\/wp-json\/wp\/v2\/media?parent=59399"}],"wp:term":[{"taxonomy":"category","embeddable":true,"href":"https:\/\/www.caririemacao.com\/1\/wp-json\/wp\/v2\/categories?post=59399"},{"taxonomy":"post_tag","embeddable":true,"href":"https:\/\/www.caririemacao.com\/1\/wp-json\/wp\/v2\/tags?post=59399"}],"curies":[{"name":"wp","href":"https:\/\/api.w.org\/{rel}","templated":true}]}}