{"id":59412,"date":"2018-08-02T09:33:08","date_gmt":"2018-08-02T12:33:08","guid":{"rendered":"http:\/\/caririemacao.com\/1\/?p=59412"},"modified":"2018-08-02T09:33:08","modified_gmt":"2018-08-02T12:33:08","slug":"mulheres-do-psol-paraiba-participa-de-festival-pela-vida-das-mulheres","status":"publish","type":"post","link":"https:\/\/www.caririemacao.com\/1\/2018\/08\/02\/mulheres-do-psol-paraiba-participa-de-festival-pela-vida-das-mulheres\/","title":{"rendered":"Mulheres do PSOL Para\u00edba participa de \u2018Festival pela vida das mulheres\u2019"},"content":{"rendered":"<blockquote><p>Mulheres do PSOL\/PB juntamente com mulheres dos Movimentos Sociais est\u00e3o indo em caravana para Bras\u00edlia para participar da audi\u00eancia p\u00fablica convocada pelo STF (acontecer\u00e1 nos dias 03 e 06\/08) para que seja discutida a ADPF 442, que \u00e9 uma a\u00e7\u00e3o pela vida das mulheres, foi protocolada no STF pelo PSOL e Anis e pede que n\u00e3o seja crime o aborto at\u00e9 12 semanas de gesta\u00e7\u00e3o \u2013 em qualquer situa\u00e7\u00e3o. S\u00e3o os direitos das mulheres \u00e0 liberdade, \u00e0 dignidade, ao planejamento familiar, \u00e0 cidadania e o de n\u00e3o ser torturada, presentes na Constitui\u00e7\u00e3o de 1988, que est\u00e3o sendo negados pela criminaliza\u00e7\u00e3o do aborto imposta pelo C\u00f3digo Penal, escrito em 1940.<\/p>\n<p>A Frente Nacional Contra a Criminaliza\u00e7\u00e3o das Mulheres e Pela Legaliza\u00e7\u00e3o do Aborto estar\u00e1 realizando o Festival Pela Vida das Mulheres, que ocorrer\u00e1 do dia 03 a 06\/08 no Museu da Republica em Bras\u00edlia. O Festival contar\u00e1 com manifesta\u00e7\u00f5es, shows, forma\u00e7\u00e3o feminista, tribuna popular feminista, espa\u00e7o para crian\u00e7as, acompanhamento da audi\u00eancia p\u00fablica, \u201camanhecer pela vida das mulheres\u201d e acampamento para as companheiras de outros estados.<\/p>\n<p>\u00c9 hora de estarmos juntas pela vida das mulheres e fazermos esta onda feminista crescer no Brasil como cresceu na Argentina!<\/p><\/blockquote>\n<p>Fonte: ASCOM\/Foto: Reprodu\u00e7\u00e3o<\/p>\n<p>Leia mais not\u00edcias em\u00a0<a href=\"http:\/\/www.caririemacao.com\/\">caririemacao.com<\/a>, siga nossa p\u00e1gina no\u00a0<a href=\"https:\/\/www.facebook.com\/CaririEmAcao\/?ref=aymt_homepage_panel\">Facebook<\/a>,\u00a0<a href=\"https:\/\/www.instagram.com\/cariri_em_acao\/?hl=pt-br\">Instagram<\/a>\u00a0e\u00a0<a href=\"https:\/\/www.youtube.com\/channel\/UCAptA0jQuYQy8vMhLt2m4qg\">Youtube<\/a>\u00a0e veja nossas mat\u00e9rias, v\u00eddeos e fotos. Voc\u00ea tamb\u00e9m pode enviar informa\u00e7\u00f5es \u00e0 Reda\u00e7\u00e3o do Portal Cariri em A\u00e7\u00e3o pelo WhatsApp (83) 9 9634.5791, (83) 9 9601-1162.<\/p>\n<p>&nbsp;<\/p>\n","protected":false},"excerpt":{"rendered":"<p>Mulheres do PSOL\/PB juntamente com mulheres dos Movimentos Sociais est\u00e3o indo em caravana para Bras\u00edlia para participar da audi\u00eancia p\u00fablica convocada pelo STF (acontecer\u00e1 nos&hellip; <\/p>\n","protected":false},"author":1,"featured_media":59413,"comment_status":"closed","ping_status":"closed","sticky":false,"template":"","format":"standard","meta":{"sfsi_plus_gutenberg_text_before_share":"","sfsi_plus_gutenberg_show_text_before_share":"","sfsi_plus_gutenberg_icon_type":"","sfsi_plus_gutenberg_icon_alignemt":"","sfsi_plus_gutenburg_max_per_row":"","footnotes":""},"categories":[11],"tags":[],"class_list":["post-59412","post","type-post","status-publish","format-standard","has-post-thumbnail","hentry","category-politica"],"_links":{"self":[{"href":"https:\/\/www.caririemacao.com\/1\/wp-json\/wp\/v2\/posts\/59412","targetHints":{"allow":["GET"]}}],"collection":[{"href":"https:\/\/www.caririemacao.com\/1\/wp-json\/wp\/v2\/posts"}],"about":[{"href":"https:\/\/www.caririemacao.com\/1\/wp-json\/wp\/v2\/types\/post"}],"author":[{"embeddable":true,"href":"https:\/\/www.caririemacao.com\/1\/wp-json\/wp\/v2\/users\/1"}],"replies":[{"embeddable":true,"href":"https:\/\/www.caririemacao.com\/1\/wp-json\/wp\/v2\/comments?post=59412"}],"version-history":[{"count":1,"href":"https:\/\/www.caririemacao.com\/1\/wp-json\/wp\/v2\/posts\/59412\/revisions"}],"predecessor-version":[{"id":59414,"href":"https:\/\/www.caririemacao.com\/1\/wp-json\/wp\/v2\/posts\/59412\/revisions\/59414"}],"wp:featuredmedia":[{"embeddable":true,"href":"https:\/\/www.caririemacao.com\/1\/wp-json\/wp\/v2\/media\/59413"}],"wp:attachment":[{"href":"https:\/\/www.caririemacao.com\/1\/wp-json\/wp\/v2\/media?parent=59412"}],"wp:term":[{"taxonomy":"category","embeddable":true,"href":"https:\/\/www.caririemacao.com\/1\/wp-json\/wp\/v2\/categories?post=59412"},{"taxonomy":"post_tag","embeddable":true,"href":"https:\/\/www.caririemacao.com\/1\/wp-json\/wp\/v2\/tags?post=59412"}],"curies":[{"name":"wp","href":"https:\/\/api.w.org\/{rel}","templated":true}]}}