{"id":59421,"date":"2018-08-02T09:59:52","date_gmt":"2018-08-02T12:59:52","guid":{"rendered":"http:\/\/caririemacao.com\/1\/?p=59421"},"modified":"2018-08-02T09:59:52","modified_gmt":"2018-08-02T12:59:52","slug":"tre-define-emissoras-que-irao-gerar-guia-eleitoral-gratuito-nas-eleicoes-2018","status":"publish","type":"post","link":"https:\/\/www.caririemacao.com\/1\/2018\/08\/02\/tre-define-emissoras-que-irao-gerar-guia-eleitoral-gratuito-nas-eleicoes-2018\/","title":{"rendered":"TRE define emissoras que ir\u00e3o gerar Guia Eleitoral gratuito nas elei\u00e7\u00f5es 2018"},"content":{"rendered":"<p>O corregedor e vice-presidente do Tribunal Regional Eleitoral da Para\u00edba (TRE-PB), desembargador Carlos Martins Beltr\u00e3o Filho, se reuniram, na \u00faltima segunda-feira (30), com representantes das empresas emissoras de r\u00e1dio e televis\u00e3o locais para tratar sobre a gera\u00e7\u00e3o do guia eleitoral gratuito, propaganda eleitoral na R\u00e1dio e na TV.<\/p>\n<p>A reuni\u00e3o aconteceu com a presen\u00e7a dos representantes da R\u00e1dio Tabajara, das TVs e R\u00e1dios Cabo Branco, Correio da Para\u00edba, Mana\u00edra, Tamba\u00fa e Arapuan.<\/p>\n<p>Ap\u00f3s verificada a impossibilidade da participa\u00e7\u00e3o da TV Assembleia, convencionou-se a transmiss\u00e3o do Guia Eleitoral na televis\u00e3o, na seguinte ordem: de 31 de agosto a 9 de setembro, pela TV Cabo Branco; de 10 a 19 de setembro, TV Correio; de 20 a 29 de setembro, TV Arapuan; de 30 de setembro a 4 de outubro e de 12 a 16 de outubro, TV Mana\u00edra; de 17 a 26 de outubro, TV Tamba\u00fa; cabendo \u00e0 R\u00e1dio Tabajara a transmiss\u00e3o do Guia Eleitoral Gratuito para as r\u00e1dios.<\/p>\n<p>A propaganda eleitoral gratuita come\u00e7a no dia 31 de agosto e vai at\u00e9 4 de outubro, para o primeiro turno, e se houver segundo turno, recome\u00e7a no dia 12 de outubro e vai at\u00e9 26 de outubro.<\/p>\n<p>No pr\u00f3ximo dia 21 de agosto (ter\u00e7a-feira), \u00e0s 09h, na Sala de Sess\u00f5es do TRE-PB, ser\u00e1 realizado o sorteio da ordem de apresenta\u00e7\u00e3o do Guia Eleitoral Gratuito e a distribui\u00e7\u00e3o do tempo dos candidatos \u00e0s Elei\u00e7\u00f5es Gerais 2018.<\/p>\n<p><strong>Fonte: ClickPB Foto: Reprodu\u00e7\u00e3o\u00a0<\/strong><\/p>\n<p>&nbsp;<\/p>\n<p>Leia mais not\u00edcias em\u00a0<a href=\"http:\/\/www.caririemacao.com\/\">caririemacao.com<\/a>, siga nossa p\u00e1gina no\u00a0<a href=\"https:\/\/www.facebook.com\/CaririEmAcao\/?ref=aymt_homepage_panel\">Facebook<\/a>,\u00a0<a href=\"https:\/\/www.instagram.com\/cariri_em_acao\/?hl=pt-br\">Instagram<\/a>\u00a0e\u00a0<a href=\"https:\/\/www.youtube.com\/channel\/UCAptA0jQuYQy8vMhLt2m4qg\">Youtube<\/a>\u00a0e veja nossas mat\u00e9rias, v\u00eddeos e fotos. Voc\u00ea tamb\u00e9m pode enviar informa\u00e7\u00f5es \u00e0 Reda\u00e7\u00e3o do Portal Cariri em A\u00e7\u00e3o pelo WhatsApp (83) 9 9634.5791, (83) 9 9601-1162.<\/p>\n<p>&nbsp;<\/p>\n","protected":false},"excerpt":{"rendered":"<p>O corregedor e vice-presidente do Tribunal Regional Eleitoral da Para\u00edba (TRE-PB), desembargador Carlos Martins Beltr\u00e3o Filho, se reuniram, na \u00faltima segunda-feira (30), com representantes das&hellip; <\/p>\n","protected":false},"author":1,"featured_media":3760,"comment_status":"closed","ping_status":"closed","sticky":false,"template":"","format":"standard","meta":{"sfsi_plus_gutenberg_text_before_share":"","sfsi_plus_gutenberg_show_text_before_share":"","sfsi_plus_gutenberg_icon_type":"","sfsi_plus_gutenberg_icon_alignemt":"","sfsi_plus_gutenburg_max_per_row":"","footnotes":""},"categories":[1],"tags":[],"class_list":["post-59421","post","type-post","status-publish","format-standard","has-post-thumbnail","hentry","category-o-site"],"_links":{"self":[{"href":"https:\/\/www.caririemacao.com\/1\/wp-json\/wp\/v2\/posts\/59421","targetHints":{"allow":["GET"]}}],"collection":[{"href":"https:\/\/www.caririemacao.com\/1\/wp-json\/wp\/v2\/posts"}],"about":[{"href":"https:\/\/www.caririemacao.com\/1\/wp-json\/wp\/v2\/types\/post"}],"author":[{"embeddable":true,"href":"https:\/\/www.caririemacao.com\/1\/wp-json\/wp\/v2\/users\/1"}],"replies":[{"embeddable":true,"href":"https:\/\/www.caririemacao.com\/1\/wp-json\/wp\/v2\/comments?post=59421"}],"version-history":[{"count":1,"href":"https:\/\/www.caririemacao.com\/1\/wp-json\/wp\/v2\/posts\/59421\/revisions"}],"predecessor-version":[{"id":59423,"href":"https:\/\/www.caririemacao.com\/1\/wp-json\/wp\/v2\/posts\/59421\/revisions\/59423"}],"wp:featuredmedia":[{"embeddable":true,"href":"https:\/\/www.caririemacao.com\/1\/wp-json\/wp\/v2\/media\/3760"}],"wp:attachment":[{"href":"https:\/\/www.caririemacao.com\/1\/wp-json\/wp\/v2\/media?parent=59421"}],"wp:term":[{"taxonomy":"category","embeddable":true,"href":"https:\/\/www.caririemacao.com\/1\/wp-json\/wp\/v2\/categories?post=59421"},{"taxonomy":"post_tag","embeddable":true,"href":"https:\/\/www.caririemacao.com\/1\/wp-json\/wp\/v2\/tags?post=59421"}],"curies":[{"name":"wp","href":"https:\/\/api.w.org\/{rel}","templated":true}]}}