{"id":59422,"date":"2018-08-02T10:01:31","date_gmt":"2018-08-02T13:01:31","guid":{"rendered":"http:\/\/caririemacao.com\/1\/?p=59422"},"modified":"2018-08-02T10:01:31","modified_gmt":"2018-08-02T13:01:31","slug":"cras-leva-idosos-para-visitar-rancho-do-bode-na-prata","status":"publish","type":"post","link":"https:\/\/www.caririemacao.com\/1\/2018\/08\/02\/cras-leva-idosos-para-visitar-rancho-do-bode-na-prata\/","title":{"rendered":"CRAS leva idosos para visitar Rancho do Bode na Prata"},"content":{"rendered":"<p>O Centro de Refer\u00eancia em Assist\u00eancia Social de Prata, por meio da Secretaria Municipal de Assist\u00eancia Social, durante suas atividades desta semana levou os idosos que fazem parte do projeto social para o Espa\u00e7o Rancho do Bode no S\u00edtio Boa Sorte.<\/p>\n<p><img fetchpriority=\"high\" decoding=\"async\" class=\"alignnone size-full wp-image-59424\" src=\"http:\/\/caririemacao.com\/1\/wp-content\/uploads\/2018\/08\/38164165_1743813272404480_2091937308407234560_n.jpg\" alt=\"\" width=\"960\" height=\"540\" srcset=\"https:\/\/www.caririemacao.com\/1\/wp-content\/uploads\/2018\/08\/38164165_1743813272404480_2091937308407234560_n.jpg 960w, https:\/\/www.caririemacao.com\/1\/wp-content\/uploads\/2018\/08\/38164165_1743813272404480_2091937308407234560_n-300x169.jpg 300w, https:\/\/www.caririemacao.com\/1\/wp-content\/uploads\/2018\/08\/38164165_1743813272404480_2091937308407234560_n-768x432.jpg 768w\" sizes=\"(max-width: 960px) 100vw, 960px\" \/><\/p>\n<p>No local, o propriet\u00e1rio do Rancho do Bode, Paulo de Ninfa recebeu os idosos e a equipe CRAS de uma maneira atenciosa.<\/p>\n<p><img decoding=\"async\" class=\"alignnone size-full wp-image-59425 lazyload\" data-src=\"http:\/\/caririemacao.com\/1\/wp-content\/uploads\/2018\/08\/38144401_1743813019071172_345313532352397312_n.jpg\" alt=\"\" width=\"960\" height=\"540\" data-srcset=\"https:\/\/www.caririemacao.com\/1\/wp-content\/uploads\/2018\/08\/38144401_1743813019071172_345313532352397312_n.jpg 960w, https:\/\/www.caririemacao.com\/1\/wp-content\/uploads\/2018\/08\/38144401_1743813019071172_345313532352397312_n-300x169.jpg 300w, https:\/\/www.caririemacao.com\/1\/wp-content\/uploads\/2018\/08\/38144401_1743813019071172_345313532352397312_n-768x432.jpg 768w\" data-sizes=\"(max-width: 960px) 100vw, 960px\" src=\"data:image\/svg+xml;base64,PHN2ZyB3aWR0aD0iMSIgaGVpZ2h0PSIxIiB4bWxucz0iaHR0cDovL3d3dy53My5vcmcvMjAwMC9zdmciPjwvc3ZnPg==\" style=\"--smush-placeholder-width: 960px; --smush-placeholder-aspect-ratio: 960\/540;\" \/><\/p>\n<p>De acordo com a coordena\u00e7\u00e3o, o ambiente foi todo preparado para acomodar o encontro fora da sede Cras.<\/p>\n","protected":false},"excerpt":{"rendered":"<p>O Centro de Refer\u00eancia em Assist\u00eancia Social de Prata, por meio da Secretaria Municipal de Assist\u00eancia Social, durante suas atividades desta semana levou os idosos&hellip; <\/p>\n","protected":false},"author":2,"featured_media":59426,"comment_status":"closed","ping_status":"closed","sticky":false,"template":"","format":"standard","meta":{"sfsi_plus_gutenberg_text_before_share":"","sfsi_plus_gutenberg_show_text_before_share":"","sfsi_plus_gutenberg_icon_type":"","sfsi_plus_gutenberg_icon_alignemt":"","sfsi_plus_gutenburg_max_per_row":"","footnotes":""},"categories":[6],"tags":[],"class_list":["post-59422","post","type-post","status-publish","format-standard","has-post-thumbnail","hentry","category-cidades"],"_links":{"self":[{"href":"https:\/\/www.caririemacao.com\/1\/wp-json\/wp\/v2\/posts\/59422","targetHints":{"allow":["GET"]}}],"collection":[{"href":"https:\/\/www.caririemacao.com\/1\/wp-json\/wp\/v2\/posts"}],"about":[{"href":"https:\/\/www.caririemacao.com\/1\/wp-json\/wp\/v2\/types\/post"}],"author":[{"embeddable":true,"href":"https:\/\/www.caririemacao.com\/1\/wp-json\/wp\/v2\/users\/2"}],"replies":[{"embeddable":true,"href":"https:\/\/www.caririemacao.com\/1\/wp-json\/wp\/v2\/comments?post=59422"}],"version-history":[{"count":1,"href":"https:\/\/www.caririemacao.com\/1\/wp-json\/wp\/v2\/posts\/59422\/revisions"}],"predecessor-version":[{"id":59427,"href":"https:\/\/www.caririemacao.com\/1\/wp-json\/wp\/v2\/posts\/59422\/revisions\/59427"}],"wp:featuredmedia":[{"embeddable":true,"href":"https:\/\/www.caririemacao.com\/1\/wp-json\/wp\/v2\/media\/59426"}],"wp:attachment":[{"href":"https:\/\/www.caririemacao.com\/1\/wp-json\/wp\/v2\/media?parent=59422"}],"wp:term":[{"taxonomy":"category","embeddable":true,"href":"https:\/\/www.caririemacao.com\/1\/wp-json\/wp\/v2\/categories?post=59422"},{"taxonomy":"post_tag","embeddable":true,"href":"https:\/\/www.caririemacao.com\/1\/wp-json\/wp\/v2\/tags?post=59422"}],"curies":[{"name":"wp","href":"https:\/\/api.w.org\/{rel}","templated":true}]}}