{"id":59429,"date":"2018-08-02T10:20:53","date_gmt":"2018-08-02T13:20:53","guid":{"rendered":"http:\/\/caririemacao.com\/1\/?p=59429"},"modified":"2018-08-02T10:20:53","modified_gmt":"2018-08-02T13:20:53","slug":"sebrae-promove-palestra-tocando-negocios-em-camalau","status":"publish","type":"post","link":"https:\/\/www.caririemacao.com\/1\/2018\/08\/02\/sebrae-promove-palestra-tocando-negocios-em-camalau\/","title":{"rendered":"Sebrae promove palestra \u201cTocando Neg\u00f3cios\u201d em Camala\u00fa"},"content":{"rendered":"<p>O Sebrae realizou durante esta semana na cidade de Camala\u00fa, Cariri Paraibano, uma importante palestra conduzida por integrantes da Banda Forr\u00f3 Gente Boa.<\/p>\n<p><img fetchpriority=\"high\" decoding=\"async\" class=\"alignnone size-full wp-image-59436\" src=\"http:\/\/caririemacao.com\/1\/wp-content\/uploads\/2018\/08\/WhatsApp-Image-2018-07-31-at-23.36.49.jpeg\" alt=\"\" width=\"1024\" height=\"768\" srcset=\"https:\/\/www.caririemacao.com\/1\/wp-content\/uploads\/2018\/08\/WhatsApp-Image-2018-07-31-at-23.36.49.jpeg 1024w, https:\/\/www.caririemacao.com\/1\/wp-content\/uploads\/2018\/08\/WhatsApp-Image-2018-07-31-at-23.36.49-300x225.jpeg 300w, https:\/\/www.caririemacao.com\/1\/wp-content\/uploads\/2018\/08\/WhatsApp-Image-2018-07-31-at-23.36.49-768x576.jpeg 768w\" sizes=\"(max-width: 1024px) 100vw, 1024px\" \/><\/p>\n<p>A palestra Tocando Neg\u00f3cios foi realizada na Videoteca Ant\u00f4nio Mariano Sobrinho (carreta de cinema itinerante), tendo como p\u00fablico pescadores da APESCA.<\/p>\n<p><img decoding=\"async\" class=\"alignnone size-full wp-image-59435 lazyload\" data-src=\"http:\/\/caririemacao.com\/1\/wp-content\/uploads\/2018\/08\/WhatsApp-Image-2018-07-31-at-23.36.49-1.jpeg\" alt=\"\" width=\"1024\" height=\"768\" data-srcset=\"https:\/\/www.caririemacao.com\/1\/wp-content\/uploads\/2018\/08\/WhatsApp-Image-2018-07-31-at-23.36.49-1.jpeg 1024w, https:\/\/www.caririemacao.com\/1\/wp-content\/uploads\/2018\/08\/WhatsApp-Image-2018-07-31-at-23.36.49-1-300x225.jpeg 300w, https:\/\/www.caririemacao.com\/1\/wp-content\/uploads\/2018\/08\/WhatsApp-Image-2018-07-31-at-23.36.49-1-768x576.jpeg 768w\" data-sizes=\"(max-width: 1024px) 100vw, 1024px\" src=\"data:image\/svg+xml;base64,PHN2ZyB3aWR0aD0iMSIgaGVpZ2h0PSIxIiB4bWxucz0iaHR0cDovL3d3dy53My5vcmcvMjAwMC9zdmciPjwvc3ZnPg==\" style=\"--smush-placeholder-width: 1024px; --smush-placeholder-aspect-ratio: 1024\/768;\" \/><\/p>\n<p>A palestra que visa trabalhar a arte de empreender com a economia criativa, teve em sua primeira edi\u00e7\u00e3o (das cinco que ir\u00e3o ocorrer), foi conduzida pelos m\u00fasicos e professores Ezequiel S\u00f3stenes e Bhira Mariano.<\/p>\n<p>O evento \u00e9 uma realiza\u00e7\u00e3o do Sebrae, atrav\u00e9s da Ag\u00eancia de Monteiro, em parceria com o Forr\u00f3 Gente Boa.<\/p>\n<p><img decoding=\"async\" class=\"alignnone size-full wp-image-59431 lazyload\" data-src=\"http:\/\/caririemacao.com\/1\/wp-content\/uploads\/2018\/08\/WhatsApp-Image-2018-07-31-at-23.36.49-5.jpeg\" alt=\"\" width=\"864\" height=\"1152\" data-srcset=\"https:\/\/www.caririemacao.com\/1\/wp-content\/uploads\/2018\/08\/WhatsApp-Image-2018-07-31-at-23.36.49-5.jpeg 864w, https:\/\/www.caririemacao.com\/1\/wp-content\/uploads\/2018\/08\/WhatsApp-Image-2018-07-31-at-23.36.49-5-225x300.jpeg 225w, https:\/\/www.caririemacao.com\/1\/wp-content\/uploads\/2018\/08\/WhatsApp-Image-2018-07-31-at-23.36.49-5-768x1024.jpeg 768w\" data-sizes=\"(max-width: 864px) 100vw, 864px\" src=\"data:image\/svg+xml;base64,PHN2ZyB3aWR0aD0iMSIgaGVpZ2h0PSIxIiB4bWxucz0iaHR0cDovL3d3dy53My5vcmcvMjAwMC9zdmciPjwvc3ZnPg==\" style=\"--smush-placeholder-width: 864px; --smush-placeholder-aspect-ratio: 864\/1152;\" \/><\/p>\n","protected":false},"excerpt":{"rendered":"<p>O Sebrae realizou durante esta semana na cidade de Camala\u00fa, Cariri Paraibano, uma importante palestra conduzida por integrantes da Banda Forr\u00f3 Gente Boa. A palestra&hellip; <\/p>\n","protected":false},"author":2,"featured_media":59433,"comment_status":"closed","ping_status":"closed","sticky":false,"template":"","format":"standard","meta":{"sfsi_plus_gutenberg_text_before_share":"","sfsi_plus_gutenberg_show_text_before_share":"","sfsi_plus_gutenberg_icon_type":"","sfsi_plus_gutenberg_icon_alignemt":"","sfsi_plus_gutenburg_max_per_row":"","footnotes":""},"categories":[6],"tags":[],"class_list":["post-59429","post","type-post","status-publish","format-standard","has-post-thumbnail","hentry","category-cidades"],"_links":{"self":[{"href":"https:\/\/www.caririemacao.com\/1\/wp-json\/wp\/v2\/posts\/59429","targetHints":{"allow":["GET"]}}],"collection":[{"href":"https:\/\/www.caririemacao.com\/1\/wp-json\/wp\/v2\/posts"}],"about":[{"href":"https:\/\/www.caririemacao.com\/1\/wp-json\/wp\/v2\/types\/post"}],"author":[{"embeddable":true,"href":"https:\/\/www.caririemacao.com\/1\/wp-json\/wp\/v2\/users\/2"}],"replies":[{"embeddable":true,"href":"https:\/\/www.caririemacao.com\/1\/wp-json\/wp\/v2\/comments?post=59429"}],"version-history":[{"count":1,"href":"https:\/\/www.caririemacao.com\/1\/wp-json\/wp\/v2\/posts\/59429\/revisions"}],"predecessor-version":[{"id":59437,"href":"https:\/\/www.caririemacao.com\/1\/wp-json\/wp\/v2\/posts\/59429\/revisions\/59437"}],"wp:featuredmedia":[{"embeddable":true,"href":"https:\/\/www.caririemacao.com\/1\/wp-json\/wp\/v2\/media\/59433"}],"wp:attachment":[{"href":"https:\/\/www.caririemacao.com\/1\/wp-json\/wp\/v2\/media?parent=59429"}],"wp:term":[{"taxonomy":"category","embeddable":true,"href":"https:\/\/www.caririemacao.com\/1\/wp-json\/wp\/v2\/categories?post=59429"},{"taxonomy":"post_tag","embeddable":true,"href":"https:\/\/www.caririemacao.com\/1\/wp-json\/wp\/v2\/tags?post=59429"}],"curies":[{"name":"wp","href":"https:\/\/api.w.org\/{rel}","templated":true}]}}