{"id":59439,"date":"2018-08-02T10:33:40","date_gmt":"2018-08-02T13:33:40","guid":{"rendered":"http:\/\/caririemacao.com\/1\/?p=59439"},"modified":"2018-08-02T10:33:40","modified_gmt":"2018-08-02T13:33:40","slug":"prefeitura-de-joao-pessoa-divulga-nomeacao-de-aprovados-no-concurso-do-ipm","status":"publish","type":"post","link":"https:\/\/www.caririemacao.com\/1\/2018\/08\/02\/prefeitura-de-joao-pessoa-divulga-nomeacao-de-aprovados-no-concurso-do-ipm\/","title":{"rendered":"Prefeitura de Jo\u00e3o Pessoa divulga nomea\u00e7\u00e3o de aprovados no concurso do IPM"},"content":{"rendered":"<div class=\"ads-980-100 hidden-sm hidden-md hidden-lg\">\n<div class=\"container-fluid\">\n<div class=\"row\">\n<div class=\"col-xs-12 col-sm-12 col-md-12 col-lg-12\"><\/div>\n<\/div>\n<\/div>\n<\/div>\n<div class=\"content\">\n<p>A Prefeitura Municipal de Jo\u00e3o Pessoa (PMJP) divulgou as portarias de nomea\u00e7\u00e3o dos primeiros aprovados no concurso p\u00fablico do Instituto de Previd\u00eancia Municipal (IPM). As nomea\u00e7\u00f5es foram publicadas em edi\u00e7\u00e3o especial do Seman\u00e1rio Municipal.<\/p>\n<p>Os aprovados t\u00eam 30 dias para tomar posse. Esse prazo come\u00e7a a contar a partir da publica\u00e7\u00e3o no Seman\u00e1rio.<\/p>\n<p>As portarias de nomea\u00e7\u00f5es e todas as informa\u00e7\u00f5es referentes \u00e0s orienta\u00e7\u00f5es do concurso est\u00e3o dispon\u00edveis no Seman\u00e1rio no seguinte link\u00a0http:\/\/midi.as\/ConvocadosIPM\u00a0.<\/p>\n<div id=\"attachment_241962\" class=\"wp-caption aligncenter\"><img decoding=\"async\" class=\"wp-image-241962 size-full lazyload\" data-src=\"https:\/\/paraibaonline.com.br\/wp-content\/uploads\/2018\/01\/clube-idoso.jpg\" data-srcset=\"https:\/\/paraibaonline.com.br\/wp-content\/uploads\/2018\/01\/clube-idoso.jpg 800w, https:\/\/paraibaonline.com.br\/wp-content\/uploads\/2018\/01\/clube-idoso-556x417.jpg 556w\" alt=\"\" src=\"data:image\/svg+xml;base64,PHN2ZyB3aWR0aD0iMSIgaGVpZ2h0PSIxIiB4bWxucz0iaHR0cDovL3d3dy53My5vcmcvMjAwMC9zdmciPjwvc3ZnPg==\" \/><\/p>\n<p class=\"wp-caption-text\">Foto: Secom\/JP<\/p>\n<\/div>\n<p>Antes de tomar posse e entrar o exerc\u00edcio, os aprovados dever\u00e3o comparecer \u00e0 Junta M\u00e9dica da PMJP para realiza\u00e7\u00e3o de exames.<\/p>\n<p>Os convocados podem comparecer \u00e0 Junta M\u00e9dica a partir desta quinta-feira (2), no hor\u00e1rio das 8h \u00e0s 12h, na\u00a0Rua Francisca Moura, 395, Centro. No entanto, antes de comparecer ao local \u00e9 preciso agendar, por meio do telefone 3222-6627.<\/p>\n<p>As provas do IPM aconteceram no m\u00eas de mar\u00e7o e foram selecionados 60 novos profissionais em diversos cargos. Ao todo, 4.627 candidatos realizaram as provas e disputaram as vagas previstas no edital.<\/p>\n<p>Segundo o Ibade, o total de candidatos faltosos foi de 877, j\u00e1 que 5.504 candidatos estavam aptos a fazer o certame.<\/p>\n<p>No total, foram oferecidas 60 vagas para as seguintes fun\u00e7\u00f5es: suporte administrativo e previdenci\u00e1rio, assistente de tecnologia da informa\u00e7\u00e3o, al\u00e9m de t\u00e9cnico previdenci\u00e1rio, este voltado para profissionais das \u00e1reas de Contabilidade e Inform\u00e1tica.<\/p>\n<p>O IPM tamb\u00e9m vai convocar servidores para o cargo de analista previdenci\u00e1rio, que re\u00fane fun\u00e7\u00f5es de n\u00edvel superior: administrador, advogado, analista de inform\u00e1tica, arquivologista, assistente social, atu\u00e1rio, contador, economista, m\u00e9dico-perito e psic\u00f3logo.<\/p>\n<\/div>\n<p>&nbsp;<\/p>\n<p>Com Ascom\/Foto: Reprodu\u00e7\u00e3o<\/p>\n<p>&nbsp;<\/p>\n<p>Cariri em A\u00e7\u00e3o<br \/>\nLeia mais not\u00edcias em\u00a0<a href=\"http:\/\/www.caririemacao.com\/\">caririemacao.com<\/a>, siga nossa p\u00e1gina no\u00a0<a href=\"https:\/\/www.facebook.com\/CaririEmAcao\/?ref=aymt_homepage_panel\">Facebook<\/a>,\u00a0<a href=\"https:\/\/www.instagram.com\/cariri_em_acao\/?hl=pt-br\">Instagram<\/a>\u00a0e\u00a0<a href=\"https:\/\/www.youtube.com\/channel\/UCAptA0jQuYQy8vMhLt2m4qg\">Youtube<\/a>\u00a0e veja nossas mat\u00e9rias, v\u00eddeos e fotos. Voc\u00ea tamb\u00e9m pode enviar informa\u00e7\u00f5es \u00e0 Reda\u00e7\u00e3o do Portal Cariri em A\u00e7\u00e3o pelo WhatsApp (83) 9 9634.5791, (83) 9 9601-1162.<\/p>\n","protected":false},"excerpt":{"rendered":"<p>A Prefeitura Municipal de Jo\u00e3o Pessoa (PMJP) divulgou as portarias de nomea\u00e7\u00e3o dos primeiros aprovados no concurso p\u00fablico do Instituto de Previd\u00eancia Municipal (IPM). As&hellip; <\/p>\n","protected":false},"author":1,"featured_media":44793,"comment_status":"closed","ping_status":"closed","sticky":false,"template":"","format":"standard","meta":{"sfsi_plus_gutenberg_text_before_share":"","sfsi_plus_gutenberg_show_text_before_share":"","sfsi_plus_gutenberg_icon_type":"","sfsi_plus_gutenberg_icon_alignemt":"","sfsi_plus_gutenburg_max_per_row":"","footnotes":""},"categories":[2],"tags":[],"class_list":["post-59439","post","type-post","status-publish","format-standard","has-post-thumbnail","hentry","category-geral"],"_links":{"self":[{"href":"https:\/\/www.caririemacao.com\/1\/wp-json\/wp\/v2\/posts\/59439","targetHints":{"allow":["GET"]}}],"collection":[{"href":"https:\/\/www.caririemacao.com\/1\/wp-json\/wp\/v2\/posts"}],"about":[{"href":"https:\/\/www.caririemacao.com\/1\/wp-json\/wp\/v2\/types\/post"}],"author":[{"embeddable":true,"href":"https:\/\/www.caririemacao.com\/1\/wp-json\/wp\/v2\/users\/1"}],"replies":[{"embeddable":true,"href":"https:\/\/www.caririemacao.com\/1\/wp-json\/wp\/v2\/comments?post=59439"}],"version-history":[{"count":1,"href":"https:\/\/www.caririemacao.com\/1\/wp-json\/wp\/v2\/posts\/59439\/revisions"}],"predecessor-version":[{"id":59440,"href":"https:\/\/www.caririemacao.com\/1\/wp-json\/wp\/v2\/posts\/59439\/revisions\/59440"}],"wp:featuredmedia":[{"embeddable":true,"href":"https:\/\/www.caririemacao.com\/1\/wp-json\/wp\/v2\/media\/44793"}],"wp:attachment":[{"href":"https:\/\/www.caririemacao.com\/1\/wp-json\/wp\/v2\/media?parent=59439"}],"wp:term":[{"taxonomy":"category","embeddable":true,"href":"https:\/\/www.caririemacao.com\/1\/wp-json\/wp\/v2\/categories?post=59439"},{"taxonomy":"post_tag","embeddable":true,"href":"https:\/\/www.caririemacao.com\/1\/wp-json\/wp\/v2\/tags?post=59439"}],"curies":[{"name":"wp","href":"https:\/\/api.w.org\/{rel}","templated":true}]}}