{"id":59446,"date":"2018-08-02T10:47:37","date_gmt":"2018-08-02T13:47:37","guid":{"rendered":"http:\/\/caririemacao.com\/1\/?p=59446"},"modified":"2018-08-02T10:47:38","modified_gmt":"2018-08-02T13:47:38","slug":"deputado-se-diz-confortavel-entre-os-petistas-e-nega-olhar-enviesado-a-chapa-do-psb","status":"publish","type":"post","link":"https:\/\/www.caririemacao.com\/1\/2018\/08\/02\/deputado-se-diz-confortavel-entre-os-petistas-e-nega-olhar-enviesado-a-chapa-do-psb\/","title":{"rendered":"Deputado se diz confort\u00e1vel entre os petistas e nega olhar enviesado \u00e0 chapa do PSB"},"content":{"rendered":"<p>O candidato ao Senado Federal na chapa do PSB Veneziano Vital do R\u00eago se disse confort\u00e1vel entre os petistas, com a escolha de Luiz Couto para disputar tamb\u00e9m uma vaga de senador.<\/p>\n<p>Segundo ele, todas as posi\u00e7\u00f5es tomadas ao longo de seus mandatos foram feitas n\u00e3o por obriga\u00e7\u00f5es, mas por convic\u00e7\u00f5es pessoais por entender que foram as melhores linhas a seguir.<\/p>\n<div id=\"attachment_482537\" class=\"wp-caption aligncenter\"><img decoding=\"async\" class=\"wp-image-482537 size-full lazyload\" data-src=\"https:\/\/paraibaonline.com.br\/wp-content\/uploads\/2018\/08\/veneziano0208.jpg\" data-srcset=\"https:\/\/paraibaonline.com.br\/wp-content\/uploads\/2018\/08\/veneziano0208.jpg 810w, https:\/\/paraibaonline.com.br\/wp-content\/uploads\/2018\/08\/veneziano0208-567x378.jpg 567w\" alt=\"Foto: Paraibaonline\" src=\"data:image\/svg+xml;base64,PHN2ZyB3aWR0aD0iMSIgaGVpZ2h0PSIxIiB4bWxucz0iaHR0cDovL3d3dy53My5vcmcvMjAwMC9zdmciPjwvc3ZnPg==\" \/><\/p>\n<p class=\"wp-caption-text\">Foto: Paraibaonline<\/p>\n<\/div>\n<p>\u201cPortanto, estou muito \u00e0 vontade aqui e nosso caminho est\u00e1 pavimentado. A Para\u00edba n\u00e3o pode retroceder a outros lastim\u00e1veis e indesej\u00e1veis momentos de uma gest\u00e3o que era n\u00e3o feita para todos, mas para apenas alguns apaniguados. Na nossa chapa n\u00e3o cabe divisionismo, n\u00e3o cabe mau humor e olhar enviesado. O que cabe aqui \u00e9 um discurso \u00fanico e pr\u00e1tico\u201d, avisou.<\/p>\n<p>Veneziano disse ainda que quem o conhece sabe muito bem que quando veste uma camisa, n\u00e3o a veste pela metade. \u201cPortanto, a quem eu puder chegar n\u00e3o haver\u00e1 espa\u00e7o para a tibieza, para d\u00favidas ou para questionamentos. O meu pedido de voto ser\u00e1 \u00fanico, ser\u00e1 para Jo\u00e3o, Ven\u00e9 e Luiz\u201d, afirmou.<\/p>\n<p>&nbsp;<\/p>\n<p>Com Para\u00edba Online<\/p>\n<p>Leia mais not\u00edcias em\u00a0<a href=\"http:\/\/www.caririemacao.com\/\">caririemacao.com<\/a>, siga nossa p\u00e1gina no\u00a0<a href=\"https:\/\/www.facebook.com\/CaririEmAcao\/?ref=aymt_homepage_panel\">Facebook<\/a>,\u00a0<a href=\"https:\/\/www.instagram.com\/cariri_em_acao\/?hl=pt-br\">Instagram<\/a>\u00a0e\u00a0<a href=\"https:\/\/www.youtube.com\/channel\/UCAptA0jQuYQy8vMhLt2m4qg\">Youtube<\/a>\u00a0e veja nossas mat\u00e9rias, v\u00eddeos e fotos. Voc\u00ea tamb\u00e9m pode enviar informa\u00e7\u00f5es \u00e0 Reda\u00e7\u00e3o do Portal Cariri em A\u00e7\u00e3o pelo WhatsApp (83) 9 9634.5791, (83) 9 9601-1162.<\/p>\n","protected":false},"excerpt":{"rendered":"<p>O candidato ao Senado Federal na chapa do PSB Veneziano Vital do R\u00eago se disse confort\u00e1vel entre os petistas, com a escolha de Luiz Couto&hellip; <\/p>\n","protected":false},"author":1,"featured_media":59175,"comment_status":"closed","ping_status":"closed","sticky":false,"template":"","format":"standard","meta":{"sfsi_plus_gutenberg_text_before_share":"","sfsi_plus_gutenberg_show_text_before_share":"","sfsi_plus_gutenberg_icon_type":"","sfsi_plus_gutenberg_icon_alignemt":"","sfsi_plus_gutenburg_max_per_row":"","footnotes":""},"categories":[1],"tags":[],"class_list":["post-59446","post","type-post","status-publish","format-standard","has-post-thumbnail","hentry","category-o-site"],"_links":{"self":[{"href":"https:\/\/www.caririemacao.com\/1\/wp-json\/wp\/v2\/posts\/59446","targetHints":{"allow":["GET"]}}],"collection":[{"href":"https:\/\/www.caririemacao.com\/1\/wp-json\/wp\/v2\/posts"}],"about":[{"href":"https:\/\/www.caririemacao.com\/1\/wp-json\/wp\/v2\/types\/post"}],"author":[{"embeddable":true,"href":"https:\/\/www.caririemacao.com\/1\/wp-json\/wp\/v2\/users\/1"}],"replies":[{"embeddable":true,"href":"https:\/\/www.caririemacao.com\/1\/wp-json\/wp\/v2\/comments?post=59446"}],"version-history":[{"count":1,"href":"https:\/\/www.caririemacao.com\/1\/wp-json\/wp\/v2\/posts\/59446\/revisions"}],"predecessor-version":[{"id":59447,"href":"https:\/\/www.caririemacao.com\/1\/wp-json\/wp\/v2\/posts\/59446\/revisions\/59447"}],"wp:featuredmedia":[{"embeddable":true,"href":"https:\/\/www.caririemacao.com\/1\/wp-json\/wp\/v2\/media\/59175"}],"wp:attachment":[{"href":"https:\/\/www.caririemacao.com\/1\/wp-json\/wp\/v2\/media?parent=59446"}],"wp:term":[{"taxonomy":"category","embeddable":true,"href":"https:\/\/www.caririemacao.com\/1\/wp-json\/wp\/v2\/categories?post=59446"},{"taxonomy":"post_tag","embeddable":true,"href":"https:\/\/www.caririemacao.com\/1\/wp-json\/wp\/v2\/tags?post=59446"}],"curies":[{"name":"wp","href":"https:\/\/api.w.org\/{rel}","templated":true}]}}