{"id":59453,"date":"2018-08-02T11:08:28","date_gmt":"2018-08-02T14:08:28","guid":{"rendered":"http:\/\/caririemacao.com\/1\/?p=59453"},"modified":"2018-08-02T11:09:26","modified_gmt":"2018-08-02T14:09:26","slug":"dr-romualdo-sera-entrevistado-no-cariri-em-acao-deste-sabado-4","status":"publish","type":"post","link":"https:\/\/www.caririemacao.com\/1\/2018\/08\/02\/dr-romualdo-sera-entrevistado-no-cariri-em-acao-deste-sabado-4\/","title":{"rendered":"Dr. Romualdo ser\u00e1 entrevistado no Cariri em A\u00e7\u00e3o deste s\u00e1bado (4)"},"content":{"rendered":"<p>O ex-prefeito do Congo por dois mandatos (de 2009 \u00e0 2016), Dr. Romulado Quirino, atual pr\u00e9-candidato a deputado estadual pelo PSB, ser\u00e1 o entrevistado deste s\u00e1bado, dia 04, do Programa Cariri em A\u00e7\u00e3o.<\/p>\n<p>O programa Cariri em A\u00e7\u00e3o que \u00e9 apresentado pelos radialistas Marivaldo Alc\u00e2ntara e Gutyelson Henrik e vai ao ar todos os s\u00e1bados das 08h \u00e0s 09h, na r\u00e1dio 95 FM.<\/p>\n<p>As pessoas tamb\u00e9m poder\u00e3o acompanhar na p\u00e1gina do Cariri em A\u00e7\u00e3o no <a href=\"https:\/\/www.facebook.com\/CaririEmAcao\/\">Facebook.<\/a><\/p>\n","protected":false},"excerpt":{"rendered":"<p>O ex-prefeito do Congo por dois mandatos (de 2009 \u00e0 2016), Dr. Romulado Quirino, atual pr\u00e9-candidato a deputado estadual pelo PSB, ser\u00e1 o entrevistado deste&hellip; <\/p>\n","protected":false},"author":2,"featured_media":26426,"comment_status":"closed","ping_status":"closed","sticky":false,"template":"","format":"standard","meta":{"sfsi_plus_gutenberg_text_before_share":"","sfsi_plus_gutenberg_show_text_before_share":"","sfsi_plus_gutenberg_icon_type":"","sfsi_plus_gutenberg_icon_alignemt":"","sfsi_plus_gutenburg_max_per_row":"","footnotes":""},"categories":[2],"tags":[],"class_list":["post-59453","post","type-post","status-publish","format-standard","has-post-thumbnail","hentry","category-geral"],"_links":{"self":[{"href":"https:\/\/www.caririemacao.com\/1\/wp-json\/wp\/v2\/posts\/59453","targetHints":{"allow":["GET"]}}],"collection":[{"href":"https:\/\/www.caririemacao.com\/1\/wp-json\/wp\/v2\/posts"}],"about":[{"href":"https:\/\/www.caririemacao.com\/1\/wp-json\/wp\/v2\/types\/post"}],"author":[{"embeddable":true,"href":"https:\/\/www.caririemacao.com\/1\/wp-json\/wp\/v2\/users\/2"}],"replies":[{"embeddable":true,"href":"https:\/\/www.caririemacao.com\/1\/wp-json\/wp\/v2\/comments?post=59453"}],"version-history":[{"count":2,"href":"https:\/\/www.caririemacao.com\/1\/wp-json\/wp\/v2\/posts\/59453\/revisions"}],"predecessor-version":[{"id":59455,"href":"https:\/\/www.caririemacao.com\/1\/wp-json\/wp\/v2\/posts\/59453\/revisions\/59455"}],"wp:featuredmedia":[{"embeddable":true,"href":"https:\/\/www.caririemacao.com\/1\/wp-json\/wp\/v2\/media\/26426"}],"wp:attachment":[{"href":"https:\/\/www.caririemacao.com\/1\/wp-json\/wp\/v2\/media?parent=59453"}],"wp:term":[{"taxonomy":"category","embeddable":true,"href":"https:\/\/www.caririemacao.com\/1\/wp-json\/wp\/v2\/categories?post=59453"},{"taxonomy":"post_tag","embeddable":true,"href":"https:\/\/www.caririemacao.com\/1\/wp-json\/wp\/v2\/tags?post=59453"}],"curies":[{"name":"wp","href":"https:\/\/api.w.org\/{rel}","templated":true}]}}