{"id":59456,"date":"2018-08-02T11:25:19","date_gmt":"2018-08-02T14:25:19","guid":{"rendered":"http:\/\/caririemacao.com\/1\/?p=59456"},"modified":"2018-08-02T11:25:19","modified_gmt":"2018-08-02T14:25:19","slug":"publicados-editais-dos-cursos-de-formacao-de-oficiais-pm-e-bombeiros-da-pb-2019","status":"publish","type":"post","link":"https:\/\/www.caririemacao.com\/1\/2018\/08\/02\/publicados-editais-dos-cursos-de-formacao-de-oficiais-pm-e-bombeiros-da-pb-2019\/","title":{"rendered":"Publicados editais dos Cursos de Forma\u00e7\u00e3o de Oficiais PM e Bombeiros da PB 2019"},"content":{"rendered":"<article>\n<div class=\"mc-column content-text active-extra-styles active-capital-letter\" data-block-type=\"unstyled\" data-block-weight=\"52\" data-block-id=\"2\">\n<p class=\"content-text__container theme-color-primary-first-letter\" data-track-category=\"Link no Texto\" data-track-links=\"\">Foram divulgados nesta quinta-feira (2) os editais do Curso de Forma\u00e7\u00e3o de Oficiais da Pol\u00edcia Militar (CFO PM 2019) e do Curso de Forma\u00e7\u00e3o de Oficiais do Corpo de Bombeiros (CFO BM 2019) da Para\u00edba. Os editais est\u00e3o no Di\u00e1rio Oficial da Para\u00edba (DOE-PB) e ambas as inscri\u00e7\u00f5es abrem na sexta-feira (3).<\/p>\n<\/div>\n<div class=\"wall\">\n<div class=\"mc-column content-text active-extra-styles\" data-block-type=\"raw\" data-block-weight=\"12\" data-block-id=\"3\">\n<ul class=\"content-unordered-list\">\n<li><a href=\"http:\/\/static.paraiba.pb.gov.br\/2018\/08\/Diario-Oficial-02-08-2018.pdf\" target=\"_blank\" rel=\"noopener\">Veja os editais do CFO PM 2019 e do CFO BM 2019<\/a><\/li>\n<\/ul>\n<\/div>\n<div class=\"mc-column content-text active-extra-styles \" data-block-type=\"unstyled\" data-block-weight=\"56\" data-block-id=\"4\">\n<p class=\"content-text__container \" data-track-category=\"Link no Texto\" data-track-links=\"\">As inscri\u00e7\u00f5es nos dois concursos custam R$ 50 e devem ser feitas nos\u00a0sites da Pol\u00edcia Militar\u00a0e do\u00a0Corpo de Bombeiros, de acordo com qual curso o candidato deseja concorrer. No caso da PM, as inscri\u00e7\u00f5es v\u00e3o at\u00e9 o dia 30 de agosto. As inscri\u00e7\u00f5es para o Corpo de Bombeiros s\u00e3o at\u00e9 24 de agosto.<\/p>\n<\/div>\n<div class=\"mc-column content-text active-extra-styles \" data-block-type=\"unstyled\" data-block-weight=\"33\" data-block-id=\"5\">\n<p class=\"content-text__container \" data-track-category=\"Link no Texto\" data-track-links=\"\">S\u00e3o oferecidas 30 vagas para oficial da Pol\u00edcia Militar da Para\u00edba, sendo 25 para homens e cinco para mulheres, e 10 vagas para oficial do Corpo de Bombeiros da Para\u00edba, em livre concorr\u00eancia.<\/p>\n<\/div>\n<div class=\"mc-column content-text active-extra-styles \" data-block-type=\"unstyled\" data-block-weight=\"36\" data-block-id=\"6\">\n<p class=\"content-text__container \" data-track-category=\"Link no Texto\" data-track-links=\"\">Para a efetiva\u00e7\u00e3o nos dois concursos, \u00e9 necess\u00e1rio que os candidatos tamb\u00e9m tenham realizado a inscri\u00e7\u00e3o no Exame Nacional do Ensino M\u00e9dio (Enem) 2018, cujas m\u00e9dias no exame v\u00e3o ser usadas como etapas intelectuais dos concursos.<\/p>\n<\/div>\n<div class=\"mc-column content-media content-media--normal  content-photo\" data-block-type=\"backstage-photo\" data-block-id=\"7\">\n<div class=\"content-media__container\">\n<div class=\"content-media__image-centered\">\n<div class=\"progressive-img can-open-lightbox\" data-min-size=\"1008x631\" data-min-size-url=\"https:\/\/s2.glbimg.com\/c8LzBEc-AsrX36SAoYK5q40G7PM=\/0x0:1700x1065\/1008x0\/smart\/filters:strip_icc()\/s.glbimg.com\/jo\/g1\/f\/original\/2014\/09\/07\/imagem_340.jpg\" data-max-size=\"1600x1002\" data-max-size-url=\"https:\/\/s2.glbimg.com\/85MNtLKAMz7zWYSM75mOCD8qEDA=\/0x0:1700x1065\/1600x0\/smart\/filters:strip_icc()\/s.glbimg.com\/jo\/g1\/f\/original\/2014\/09\/07\/imagem_340.jpg\" data-media-index=\"1\">\n<div class=\"placeholder-container\"><\/div>\n<p><img decoding=\"async\" class=\"progressive-draft\" title=\"Bombeiros da Para\u00edba (Foto: Felipe Ramos\/G1)\" src=\"data:image\/jpeg;base64,\/9j\/4AAQSkZJRgABAQAAAQABAAD\/2wBDAAMCAgMCAgMDAwMEAwMEBQgFBQQEBQoHBwYIDAoMDAsKCwsNDhIQDQ4RDgsLEBYQERMUFRUVDA8XGBYUGBIUFRT\/2wBDAQMEBAUEBQkFBQkUDQsNFBQUFBQUFBQUFBQUFBQUFBQUFBQUFBQUFBQUFBQUFBQUFBQUFBQUFBQUFBQUFBQUFBT\/wgARCAAQABkDASIAAhEBAxEB\/8QAGAAAAgMAAAAAAAAAAAAAAAAABQYCBAf\/xAAWAQEBAQAAAAAAAAAAAAAAAAAEBQb\/2gAMAwEAAhADEAAAAT8MuDh0zVVEswaP\/8QAHBAAAgEFAQAAAAAAAAAAAAAAAwQCAAEFEhMG\/9oACAEBAAEFAmPYuGYyWcVeiZkl5dXqyotHRmlsId4H61\/\/xAAdEQACAQQDAAAAAAAAAAAAAAACBAEAAwUhETHw\/9oACAEDAQE\/AUMcsyEFFzdIYNNsSKSnU8e7r\/\/EABkRAAIDAQAAAAAAAAAAAAAAAAECAAMhMf\/aAAgBAgEBPwF2sQ7LsOjs\/8QAIhAAAgEDBAIDAAAAAAAAAAAAAQIRAAMhBBIxMhATUZHw\/9oACAEBAAY\/Ana1tt2MgIw5Fac3NLaImWUEif2a9avNu3hJauo+62qSFKjM84pTJiBSb47fPj\/\/xAAhEAEAAgIBAwUAAAAAAAAAAAABABEhMUFxgZFRYaHR8f\/aAAgBAQABPyE0E\/JR79JcAywHhsyeU9ZgQ0WodQdz839x8ORWGh73F39cG5s4GtWw0ne2vMpP\/9oADAMBAAIAAwAAABBfr\/\/EABoRAAMBAQEBAAAAAAAAAAAAAAERITFBAHH\/2gAIAQMBAT8QLxmhUMLpxnVfES+BCjdDQjJ95\/\/EABkRAQACAwAAAAAAAAAAAAAAAAEAIRFRkf\/aAAgBAgEBPxB2WHkzNutuf\/\/EAB0QAQEAAgIDAQAAAAAAAAAAAAERACFBURAxYXH\/2gAIAQEAAT8Q2Iad6m9swsSpdXEFdGUOCiqNoUWzKzBK7ogakiAFO\/G7gCmyE70IZzb3gg9jn9DHdmFUddG0yKP4EOWfZz\/\/2Q==\" alt=\"Bombeiros da Para\u00edba (Foto: Felipe Ramos\/G1)\" \/><picture><source srcset=\"https:\/\/s2.glbimg.com\/LycnWEVFz9zhWcaxXtgF-q-LNe0=\/0x0:1700x1065\/600x0\/smart\/filters:strip_icc()\/s.glbimg.com\/jo\/g1\/f\/original\/2014\/09\/07\/imagem_340.jpg 1x, https:\/\/s2.glbimg.com\/IJeqWGo50bkqC0k87DO1GMyeyZ8=\/0x0:1700x1065\/1200x0\/smart\/filters:strip_icc()\/s.glbimg.com\/jo\/g1\/f\/original\/2014\/09\/07\/imagem_340.jpg 2x\" media=\"(max-width: 1024px)\" data-src=\"https:\/\/s2.glbimg.com\/LycnWEVFz9zhWcaxXtgF-q-LNe0=\/0x0:1700x1065\/600x0\/smart\/filters:strip_icc()\/s.glbimg.com\/jo\/g1\/f\/original\/2014\/09\/07\/imagem_340.jpg 1x, https:\/\/s2.glbimg.com\/IJeqWGo50bkqC0k87DO1GMyeyZ8=\/0x0:1700x1065\/1200x0\/smart\/filters:strip_icc()\/s.glbimg.com\/jo\/g1\/f\/original\/2014\/09\/07\/imagem_340.jpg 2x\" \/><source srcset=\"https:\/\/s2.glbimg.com\/xFOhsPP4bPqx01trZ8IF-bzwq78=\/0x0:1700x1065\/640x0\/smart\/filters:strip_icc()\/s.glbimg.com\/jo\/g1\/f\/original\/2014\/09\/07\/imagem_340.jpg 1x, https:\/\/s2.glbimg.com\/qoVpZPY-bBAiJiOw-xaXYyrBidg=\/0x0:1700x1065\/1280x0\/smart\/filters:strip_icc()\/s.glbimg.com\/jo\/g1\/f\/original\/2014\/09\/07\/imagem_340.jpg 2x\" media=\"(max-width: 1280px)\" data-src=\"https:\/\/s2.glbimg.com\/xFOhsPP4bPqx01trZ8IF-bzwq78=\/0x0:1700x1065\/640x0\/smart\/filters:strip_icc()\/s.glbimg.com\/jo\/g1\/f\/original\/2014\/09\/07\/imagem_340.jpg 1x, https:\/\/s2.glbimg.com\/qoVpZPY-bBAiJiOw-xaXYyrBidg=\/0x0:1700x1065\/1280x0\/smart\/filters:strip_icc()\/s.glbimg.com\/jo\/g1\/f\/original\/2014\/09\/07\/imagem_340.jpg 2x\" \/><source srcset=\"https:\/\/s2.glbimg.com\/rfwS0Elsv9_q-NZbdcsIHExDPJ4=\/0x0:1700x1065\/984x0\/smart\/filters:strip_icc()\/s.glbimg.com\/jo\/g1\/f\/original\/2014\/09\/07\/imagem_340.jpg 1x, https:\/\/s2.glbimg.com\/G-1I2-OiOJqetlSYTfvOei3oc8Y=\/0x0:1700x1065\/1968x0\/smart\/filters:strip_icc()\/s.glbimg.com\/jo\/g1\/f\/original\/2014\/09\/07\/imagem_340.jpg 2x\" media=\"(max-width: 1360px)\" data-src=\"https:\/\/s2.glbimg.com\/rfwS0Elsv9_q-NZbdcsIHExDPJ4=\/0x0:1700x1065\/984x0\/smart\/filters:strip_icc()\/s.glbimg.com\/jo\/g1\/f\/original\/2014\/09\/07\/imagem_340.jpg 1x, https:\/\/s2.glbimg.com\/G-1I2-OiOJqetlSYTfvOei3oc8Y=\/0x0:1700x1065\/1968x0\/smart\/filters:strip_icc()\/s.glbimg.com\/jo\/g1\/f\/original\/2014\/09\/07\/imagem_340.jpg 2x\" \/><source srcset=\"https:\/\/s2.glbimg.com\/timhp5R5dquUKMQPFzY2NiONBVc=\/0x0:1700x1065\/1000x0\/smart\/filters:strip_icc()\/s.glbimg.com\/jo\/g1\/f\/original\/2014\/09\/07\/imagem_340.jpg 1x, https:\/\/s2.glbimg.com\/L6kq26s8w9p9TKGzAUo0l8tilD0=\/0x0:1700x1065\/2000x0\/smart\/filters:strip_icc()\/s.glbimg.com\/jo\/g1\/f\/original\/2014\/09\/07\/imagem_340.jpg 2x\" media=\"(min-width: 1361px)\" data-src=\"https:\/\/s2.glbimg.com\/timhp5R5dquUKMQPFzY2NiONBVc=\/0x0:1700x1065\/1000x0\/smart\/filters:strip_icc()\/s.glbimg.com\/jo\/g1\/f\/original\/2014\/09\/07\/imagem_340.jpg 1x, https:\/\/s2.glbimg.com\/L6kq26s8w9p9TKGzAUo0l8tilD0=\/0x0:1700x1065\/2000x0\/smart\/filters:strip_icc()\/s.glbimg.com\/jo\/g1\/f\/original\/2014\/09\/07\/imagem_340.jpg 2x\" \/><source srcset=\"https:\/\/s2.glbimg.com\/rfwS0Elsv9_q-NZbdcsIHExDPJ4=\/0x0:1700x1065\/984x0\/smart\/filters:strip_icc()\/s.glbimg.com\/jo\/g1\/f\/original\/2014\/09\/07\/imagem_340.jpg\" data-src=\"https:\/\/s2.glbimg.com\/rfwS0Elsv9_q-NZbdcsIHExDPJ4=\/0x0:1700x1065\/984x0\/smart\/filters:strip_icc()\/s.glbimg.com\/jo\/g1\/f\/original\/2014\/09\/07\/imagem_340.jpg\" \/><img decoding=\"async\" class=\"image content-media__image progressive-loaded\" title=\"Bombeiros da Para\u00edba (Foto: Felipe Ramos\/G1)\" src=\"https:\/\/s2.glbimg.com\/rfwS0Elsv9_q-NZbdcsIHExDPJ4=\/0x0:1700x1065\/984x0\/smart\/filters:strip_icc()\/s.glbimg.com\/jo\/g1\/f\/original\/2014\/09\/07\/imagem_340.jpg\" alt=\"Bombeiros da Para\u00edba (Foto: Felipe Ramos\/G1)\" data-src=\"https:\/\/s2.glbimg.com\/rfwS0Elsv9_q-NZbdcsIHExDPJ4=\/0x0:1700x1065\/984x0\/smart\/filters:strip_icc()\/s.glbimg.com\/jo\/g1\/f\/original\/2014\/09\/07\/imagem_340.jpg\" \/><\/picture><\/div>\n<\/div>\n<div class=\"content-media__description-centered \">\n<p class=\"content-media__description\"><i class=\"content-media__description__icon theme-color-primary\"><\/i><span class=\"content-media__description__caption\">Bombeiros da Para\u00edba (Foto: Felipe Ramos\/G1)<\/span><\/p>\n<\/div>\n<\/div>\n<\/div>\n<div class=\"mc-column content-text active-extra-styles \" data-block-type=\"unstyled\" data-block-weight=\"25\" data-block-id=\"8\">\n<p class=\"content-text__container \" data-track-category=\"Link no Texto\" data-track-links=\"\">Os dois concursos tamb\u00e9m t\u00eam etapas complementares, que compreendem os exames psicol\u00f3gicos, de sa\u00fade e de aptid\u00e3o f\u00edsica, e \u00faltima etapa \u00e9 a avalia\u00e7\u00e3o social.<\/p>\n<\/div>\n<div class=\"mc-column content-text active-extra-styles \" data-block-type=\"unstyled\" data-block-weight=\"41\" data-block-id=\"10\">\n<p class=\"content-text__container \" data-track-category=\"Link no Texto\" data-track-links=\"\">Os candidatos aprovados e classificados nos concursos, que apresentarem em tempo h\u00e1bil as documenta\u00e7\u00f5es exigidas para a matr\u00edcula nos editais e forem considerados habilitados, v\u00e3o ser matriculados no 1\u00ba ano dos cursos de forma\u00e7\u00e3o de oficiais da PM e dos Bombeiros.<\/p>\n<\/div>\n<div class=\"mc-column content-text active-extra-styles \" data-block-type=\"unstyled\" data-block-weight=\"43\" data-block-id=\"11\">\n<p class=\"content-text__container \" data-track-category=\"Link no Texto\" data-track-links=\"\">Ambos os CFOs t\u00eam dura\u00e7\u00e3o de tr\u00eas anos letivos, em tempo integral e regime de dedica\u00e7\u00e3o exclusiva. O CFO PM acontece na Academia de Pol\u00edcia Militar do Cabo Branco e o CFO BM acontece na Academia de Bombeiro Militar Aristarco Pessoa, em Mangabeira.<\/p>\n<\/div>\n<div class=\"mc-column content-text active-extra-styles \" data-block-type=\"unstyled\" data-block-weight=\"73\" data-block-id=\"12\">\n<p class=\"content-text__container \" data-track-category=\"Link no Texto\" data-track-links=\"\">O ingresso nos CFOs v\u00e3o ser na gradua\u00e7\u00e3o de pra\u00e7a especial, como cadete, nos tr\u00eas anos. Ap\u00f3s a conclus\u00e3o do curso, com aproveitamento, os concluintes s\u00e3o declarados aspirantes a oficial PM e Bombeiros. Em seguida, deve ser feito um est\u00e1gio probat\u00f3rio de, no m\u00ednimo, seis meses. Ap\u00f3s a conclus\u00e3o do est\u00e1gio, os aspirantes s\u00e3o promovidos aos postos de 2\u00ba tenente PM e 2\u00ba tenente BM, ingressando no quadro de oficiais combatentes dos \u00f3rg\u00e3os.<\/p>\n<\/div>\n<div class=\"mc-column content-text active-extra-styles \" data-block-type=\"unstyled\" data-block-weight=\"16\" data-block-id=\"13\">\n<p class=\"content-text__container \" data-track-category=\"Link no Texto\" data-track-links=\"\">As remunera\u00e7\u00f5es variam de acordo com a etapa em que o aprovado est\u00e1, conforme tabela abaixo:<\/p>\n<\/div>\n<div class=\"mc-column\" data-block-type=\"table-plugin\" data-block-id=\"14\">\n<div class=\"show-table content-media content-media--normal\">\n<p class=\"mc-column show-table__title\">Remunera\u00e7\u00f5es previstas para CFO PM 2019 e CFO BM 2019<\/p>\n<div class=\"show-table__centralized\">\n<div class=\"show-table__container\">\n<table class=\"show-table__content\n show-table__content--highlight-top show-table__content--highlight-left        \"><\/p>\n<tbody>\n<tr>\n<td><\/td>\n<td>Pol\u00edcia Militar<\/td>\n<td>Bombeiros<\/td>\n<\/tr>\n<tr>\n<td>Cadete 1\u00ba ano<\/td>\n<td>R$ 2.647,93<\/td>\n<td>R$ 2.688,86<\/td>\n<\/tr>\n<tr>\n<td>Cadete 2\u00ba ano<\/td>\n<td>R$ 2.963,42<\/td>\n<td>R$ 3.003,91<\/td>\n<\/tr>\n<tr>\n<td>Cadete 3\u00ba ano<\/td>\n<td>R$ 3.320,50<\/td>\n<td>R$ 3.363,38<\/td>\n<\/tr>\n<tr>\n<td>Aspirante a oficial<\/td>\n<td>R$ 5.423,02<\/td>\n<td>R$ 5.462,22<\/td>\n<\/tr>\n<tr>\n<td>2\u00ba Tenente<\/td>\n<td>R$ 6.715,70<\/td>\n<td>R$ 6.765,85<\/td>\n<\/tr>\n<\/tbody>\n<\/table>\n<\/div>\n<div class=\"show-table__footer\">\n<div class=\"show-table__source\">Fonte: Di\u00e1rio Oficial do Estado da Para\u00edba<\/div>\n<\/div>\n<\/div>\n<\/div>\n<\/div>\n<\/div>\n<div data-track-category=\"fim do conteudo\" data-track-action=\"ultimo chunk conteudo\" data-track-noninteraction=\"false\" data-track-scroll=\"entrada completa viewport\">\n<div class=\"mc-column content-text active-extra-styles \" data-block-type=\"unstyled\" data-block-weight=\"23\" data-block-id=\"15\">\n<p class=\"content-text__container \" data-track-category=\"Link no Texto\" data-track-links=\"\">Ambos os concursos t\u00eam validade de um m\u00eas, a contar a partir da homologa\u00e7\u00e3o do resultado final, podendo ser prorrogados por igual per\u00edodo.<\/p>\n<\/div>\n<p>Com G1 Para\u00edba\/Foto: Reprodu\u00e7\u00e3o<\/p>\n<p>&nbsp;<\/p>\n<p>Cariri em A\u00e7\u00e3o<br \/>\nLeia mais not\u00edcias em\u00a0<a href=\"http:\/\/www.caririemacao.com\/\">caririemacao.com<\/a>, siga nossa p\u00e1gina no\u00a0<a href=\"https:\/\/www.facebook.com\/CaririEmAcao\/?ref=aymt_homepage_panel\">Facebook<\/a>,\u00a0<a href=\"https:\/\/www.instagram.com\/cariri_em_acao\/?hl=pt-br\">Instagram<\/a>\u00a0e\u00a0<a href=\"https:\/\/www.youtube.com\/channel\/UCAptA0jQuYQy8vMhLt2m4qg\">Youtube<\/a>\u00a0e veja nossas mat\u00e9rias, v\u00eddeos e fotos. Voc\u00ea tamb\u00e9m pode enviar informa\u00e7\u00f5es \u00e0 Reda\u00e7\u00e3o do Portal Cariri em A\u00e7\u00e3o pelo WhatsApp (83) 9 9634.5791, (83) 9 9601-1162.<\/p>\n<\/div>\n<\/article>\n","protected":false},"excerpt":{"rendered":"<p>Foram divulgados nesta quinta-feira (2) os editais do Curso de Forma\u00e7\u00e3o de Oficiais da Pol\u00edcia Militar (CFO PM 2019) e do Curso de Forma\u00e7\u00e3o de&hellip; <\/p>\n","protected":false},"author":1,"featured_media":6403,"comment_status":"closed","ping_status":"closed","sticky":false,"template":"","format":"standard","meta":{"sfsi_plus_gutenberg_text_before_share":"","sfsi_plus_gutenberg_show_text_before_share":"","sfsi_plus_gutenberg_icon_type":"","sfsi_plus_gutenberg_icon_alignemt":"","sfsi_plus_gutenburg_max_per_row":"","footnotes":""},"categories":[2],"tags":[],"class_list":["post-59456","post","type-post","status-publish","format-standard","has-post-thumbnail","hentry","category-geral"],"_links":{"self":[{"href":"https:\/\/www.caririemacao.com\/1\/wp-json\/wp\/v2\/posts\/59456","targetHints":{"allow":["GET"]}}],"collection":[{"href":"https:\/\/www.caririemacao.com\/1\/wp-json\/wp\/v2\/posts"}],"about":[{"href":"https:\/\/www.caririemacao.com\/1\/wp-json\/wp\/v2\/types\/post"}],"author":[{"embeddable":true,"href":"https:\/\/www.caririemacao.com\/1\/wp-json\/wp\/v2\/users\/1"}],"replies":[{"embeddable":true,"href":"https:\/\/www.caririemacao.com\/1\/wp-json\/wp\/v2\/comments?post=59456"}],"version-history":[{"count":1,"href":"https:\/\/www.caririemacao.com\/1\/wp-json\/wp\/v2\/posts\/59456\/revisions"}],"predecessor-version":[{"id":59457,"href":"https:\/\/www.caririemacao.com\/1\/wp-json\/wp\/v2\/posts\/59456\/revisions\/59457"}],"wp:featuredmedia":[{"embeddable":true,"href":"https:\/\/www.caririemacao.com\/1\/wp-json\/wp\/v2\/media\/6403"}],"wp:attachment":[{"href":"https:\/\/www.caririemacao.com\/1\/wp-json\/wp\/v2\/media?parent=59456"}],"wp:term":[{"taxonomy":"category","embeddable":true,"href":"https:\/\/www.caririemacao.com\/1\/wp-json\/wp\/v2\/categories?post=59456"},{"taxonomy":"post_tag","embeddable":true,"href":"https:\/\/www.caririemacao.com\/1\/wp-json\/wp\/v2\/tags?post=59456"}],"curies":[{"name":"wp","href":"https:\/\/api.w.org\/{rel}","templated":true}]}}