{"id":59462,"date":"2018-08-02T11:40:37","date_gmt":"2018-08-02T14:40:37","guid":{"rendered":"http:\/\/caririemacao.com\/1\/?p=59462"},"modified":"2018-08-02T11:59:17","modified_gmt":"2018-08-02T14:59:17","slug":"59462","status":"publish","type":"post","link":"https:\/\/www.caririemacao.com\/1\/2018\/08\/02\/59462\/","title":{"rendered":"Ministro Edson Fachin \u00e9 eleito ministro efetivo do TSE"},"content":{"rendered":"<p><span class=\"news_capital_letter\">O\u00a0<\/span>ministro do Supremo Tribunal Federal (STF) e relator dos processos da Opera\u00e7\u00e3o Lava Jato, Edson Fachin, foi eleito nesta quarta-feira (1\u00ba) para o cargo de membro efetivo do Tribunal Superior Eleitoral (TSE), respons\u00e1vel pela organiza\u00e7\u00e3o das elei\u00e7\u00f5es no pa\u00eds.<\/p>\n<div class=\"pub-container inside-news\">\n<div class=\"pub-space\">A elei\u00e7\u00e3o foi realizada de forma simb\u00f3lica pelo plen\u00e1rio do Supremo, respons\u00e1vel pela indica\u00e7\u00e3o, porque Fachin j\u00e1 atua como ministro substituto da Corte eleitoral.<\/div>\n<\/div>\n<p>A partir do dia 15 agosto, o TSE tamb\u00e9m ter\u00e1 entre seus membros a ministra Rosa Weber, como nova presidente, o ministro Lu\u00eds Roberto Barroso, al\u00e9m de Fachin. A ministra entrar\u00e1 no lugar do atual presidente, Luiz Fux, que completar\u00e1 dois anos no cargo.<\/p>\n<p>O TSE \u00e9 formado por sete ministros: tr\u00eas oriundos do STF, dois do Superior Tribunal de Justi\u00e7a (STJ), al\u00e9m de dois membros da advocacia.<\/p>\n<p>Com Ag\u00eancia Brasil\/Foto: Reprodu\u00e7\u00e3o internet<\/p>\n","protected":false},"excerpt":{"rendered":"<p>O\u00a0ministro do Supremo Tribunal Federal (STF) e relator dos processos da Opera\u00e7\u00e3o Lava Jato, Edson Fachin, foi eleito nesta quarta-feira (1\u00ba) para o cargo de&hellip; <\/p>\n","protected":false},"author":1,"featured_media":59469,"comment_status":"closed","ping_status":"closed","sticky":false,"template":"","format":"standard","meta":{"sfsi_plus_gutenberg_text_before_share":"","sfsi_plus_gutenberg_show_text_before_share":"","sfsi_plus_gutenberg_icon_type":"","sfsi_plus_gutenberg_icon_alignemt":"","sfsi_plus_gutenburg_max_per_row":"","footnotes":""},"categories":[2],"tags":[],"class_list":["post-59462","post","type-post","status-publish","format-standard","has-post-thumbnail","hentry","category-geral"],"_links":{"self":[{"href":"https:\/\/www.caririemacao.com\/1\/wp-json\/wp\/v2\/posts\/59462","targetHints":{"allow":["GET"]}}],"collection":[{"href":"https:\/\/www.caririemacao.com\/1\/wp-json\/wp\/v2\/posts"}],"about":[{"href":"https:\/\/www.caririemacao.com\/1\/wp-json\/wp\/v2\/types\/post"}],"author":[{"embeddable":true,"href":"https:\/\/www.caririemacao.com\/1\/wp-json\/wp\/v2\/users\/1"}],"replies":[{"embeddable":true,"href":"https:\/\/www.caririemacao.com\/1\/wp-json\/wp\/v2\/comments?post=59462"}],"version-history":[{"count":2,"href":"https:\/\/www.caririemacao.com\/1\/wp-json\/wp\/v2\/posts\/59462\/revisions"}],"predecessor-version":[{"id":59472,"href":"https:\/\/www.caririemacao.com\/1\/wp-json\/wp\/v2\/posts\/59462\/revisions\/59472"}],"wp:featuredmedia":[{"embeddable":true,"href":"https:\/\/www.caririemacao.com\/1\/wp-json\/wp\/v2\/media\/59469"}],"wp:attachment":[{"href":"https:\/\/www.caririemacao.com\/1\/wp-json\/wp\/v2\/media?parent=59462"}],"wp:term":[{"taxonomy":"category","embeddable":true,"href":"https:\/\/www.caririemacao.com\/1\/wp-json\/wp\/v2\/categories?post=59462"},{"taxonomy":"post_tag","embeddable":true,"href":"https:\/\/www.caririemacao.com\/1\/wp-json\/wp\/v2\/tags?post=59462"}],"curies":[{"name":"wp","href":"https:\/\/api.w.org\/{rel}","templated":true}]}}