{"id":59471,"date":"2018-08-02T13:06:33","date_gmt":"2018-08-02T16:06:33","guid":{"rendered":"http:\/\/caririemacao.com\/1\/?p=59471"},"modified":"2018-08-02T13:06:33","modified_gmt":"2018-08-02T16:06:33","slug":"partido-oficializa-apoio-a-alckmin-a-presidencia-da-republica","status":"publish","type":"post","link":"https:\/\/www.caririemacao.com\/1\/2018\/08\/02\/partido-oficializa-apoio-a-alckmin-a-presidencia-da-republica\/","title":{"rendered":"Partido oficializa apoio a Alckmin \u00e0 Presid\u00eancia da Rep\u00fablica"},"content":{"rendered":"<p>Em conve\u00e7\u00e3o nacional, o Democratas (DEM) oficializou hoje (2) o apoio \u00e0 pr\u00e9-candidatura do ex-governador de S\u00e3o Paulo Geraldo Alckmin (PSDB) \u00e0 Presid\u00eancia da Rep\u00fablica. Os partidos que comp\u00f5em o chamado Centr\u00e3o, formado por DEM, PP, PRB, PR e Solidariedade, confirmaram o apoio ao tucano na semana passada.<\/p>\n<p>Presente na conven\u00e7\u00e3o, Alckmin disse que o nome do vice-presidente na sua chapa ser\u00e1 divulgado na Conven\u00e7\u00e3o Nacional do PSDB, marcada para este s\u00e1bado (4), em Bras\u00edlia. O ex-governador agradeceu o apoio e a confian\u00e7a do Democratas ao seu nome. \u201cVamos fazer juntos uma grande campanha\u201d.<\/p>\n<p>Alckmin disse que o foco do seu programa de governo ser\u00e1 a retomada do emprego. \u201cO Brasil \u00e9 um pa\u00eds vocacionado para crescer, mas para crescer precisa ter confian\u00e7a\u201d. Ele afirmou que, se eleito, vai trabalhar para que o Brasil receba investimentos para voltar a crescer.<\/p>\n<div id=\"attachment_482595\" class=\"wp-caption aligncenter\"><img decoding=\"async\" class=\"wp-image-482595 size-full lazyload\" data-src=\"https:\/\/paraibaonline.com.br\/wp-content\/uploads\/2018\/08\/democratas0208.jpg\" data-srcset=\"https:\/\/paraibaonline.com.br\/wp-content\/uploads\/2018\/08\/democratas0208.jpg 1024w, https:\/\/paraibaonline.com.br\/wp-content\/uploads\/2018\/08\/democratas0208-567x378.jpg 567w, https:\/\/paraibaonline.com.br\/wp-content\/uploads\/2018\/08\/democratas0208-900x600.jpg 900w\" alt=\"\" src=\"data:image\/svg+xml;base64,PHN2ZyB3aWR0aD0iMSIgaGVpZ2h0PSIxIiB4bWxucz0iaHR0cDovL3d3dy53My5vcmcvMjAwMC9zdmciPjwvc3ZnPg==\" \/><\/p>\n<p class=\"wp-caption-text\">Foto: Jos\u00e9 Cruz\/ Ag\u00eancia Brasil<\/p>\n<\/div>\n<p>Segundo o presidente nacional do DEM, ACM Neto, o candidato tucano vai mostrar que \u00e9 poss\u00edvel ter esperan\u00e7a de fazer boa pol\u00edtica, em uma campanha que ser\u00e1 muito disputada. \u201cSeremos decisivos para a sua vit\u00f3ria e para, ao seu lado, transformar o Brasil\u201d, disse ACM Neto a Alckmin em seu discurso.<\/p>\n<p>O presidente do DEM ressaltou que, a partir do pr\u00f3ximo ano, o Brasil vai viver \u201cmomentos dif\u00edceis e que medidas duras ter\u00e3o que ser tomadas\u201d, com responsabilidade fiscal e equil\u00edbrio das contas p\u00fablicas. \u201cTemos que ser sinceros desde a campanha\u201d, acrescentou.<\/p>\n<p>Ao chegar \u00e0 conven\u00e7\u00e3o, o presidente da C\u00e2mara dos Deputados, Rodrigo Maia (DEM-RJ), disse que j\u00e1 h\u00e1 consenso para o nome do vice-presidente na chapa de Alckmin, mas n\u00e3o divulgou o nome. Segundo ACM Neto, o vice-presidente da chapa vir\u00e1 do bloco denominado centro democr\u00e1tico.<\/p>\n<p>Atualmente, a bancada do DEM no Congresso Nacional tem 43 deputados federais e cinco senadores.<\/p>\n<p>&nbsp;<\/p>\n<blockquote><p>Foto: Jos\u00e9 Cruz<\/p><\/blockquote>\n<p>&nbsp;<\/p>\n<p>Cariri em A\u00e7\u00e3o<br \/>\nLeia mais not\u00edcias em\u00a0<a href=\"http:\/\/www.caririemacao.com\/\">caririemacao.com<\/a>, siga nossa p\u00e1gina no\u00a0<a href=\"https:\/\/www.facebook.com\/CaririEmAcao\/?ref=aymt_homepage_panel\">Facebook<\/a>,\u00a0<a href=\"https:\/\/www.instagram.com\/cariri_em_acao\/?hl=pt-br\">Instagram<\/a>\u00a0e\u00a0<a href=\"https:\/\/www.youtube.com\/channel\/UCAptA0jQuYQy8vMhLt2m4qg\">Youtube<\/a>\u00a0e veja nossas mat\u00e9rias, v\u00eddeos e fotos. Voc\u00ea tamb\u00e9m pode enviar informa\u00e7\u00f5es \u00e0 Reda\u00e7\u00e3o do Portal Cariri em A\u00e7\u00e3o pelo WhatsApp (83) 9 9634.5791, (83) 9 9601-1162.<\/p>\n","protected":false},"excerpt":{"rendered":"<p>Em conve\u00e7\u00e3o nacional, o Democratas (DEM) oficializou hoje (2) o apoio \u00e0 pr\u00e9-candidatura do ex-governador de S\u00e3o Paulo Geraldo Alckmin (PSDB) \u00e0 Presid\u00eancia da Rep\u00fablica.&hellip; <\/p>\n","protected":false},"author":1,"featured_media":59494,"comment_status":"closed","ping_status":"closed","sticky":false,"template":"","format":"standard","meta":{"sfsi_plus_gutenberg_text_before_share":"","sfsi_plus_gutenberg_show_text_before_share":"","sfsi_plus_gutenberg_icon_type":"","sfsi_plus_gutenberg_icon_alignemt":"","sfsi_plus_gutenburg_max_per_row":"","footnotes":""},"categories":[1],"tags":[],"class_list":["post-59471","post","type-post","status-publish","format-standard","has-post-thumbnail","hentry","category-o-site"],"_links":{"self":[{"href":"https:\/\/www.caririemacao.com\/1\/wp-json\/wp\/v2\/posts\/59471","targetHints":{"allow":["GET"]}}],"collection":[{"href":"https:\/\/www.caririemacao.com\/1\/wp-json\/wp\/v2\/posts"}],"about":[{"href":"https:\/\/www.caririemacao.com\/1\/wp-json\/wp\/v2\/types\/post"}],"author":[{"embeddable":true,"href":"https:\/\/www.caririemacao.com\/1\/wp-json\/wp\/v2\/users\/1"}],"replies":[{"embeddable":true,"href":"https:\/\/www.caririemacao.com\/1\/wp-json\/wp\/v2\/comments?post=59471"}],"version-history":[{"count":1,"href":"https:\/\/www.caririemacao.com\/1\/wp-json\/wp\/v2\/posts\/59471\/revisions"}],"predecessor-version":[{"id":59495,"href":"https:\/\/www.caririemacao.com\/1\/wp-json\/wp\/v2\/posts\/59471\/revisions\/59495"}],"wp:featuredmedia":[{"embeddable":true,"href":"https:\/\/www.caririemacao.com\/1\/wp-json\/wp\/v2\/media\/59494"}],"wp:attachment":[{"href":"https:\/\/www.caririemacao.com\/1\/wp-json\/wp\/v2\/media?parent=59471"}],"wp:term":[{"taxonomy":"category","embeddable":true,"href":"https:\/\/www.caririemacao.com\/1\/wp-json\/wp\/v2\/categories?post=59471"},{"taxonomy":"post_tag","embeddable":true,"href":"https:\/\/www.caririemacao.com\/1\/wp-json\/wp\/v2\/tags?post=59471"}],"curies":[{"name":"wp","href":"https:\/\/api.w.org\/{rel}","templated":true}]}}