{"id":59473,"date":"2018-08-02T05:01:24","date_gmt":"2018-08-02T08:01:24","guid":{"rendered":"http:\/\/caririemacao.com\/1\/?p=59473"},"modified":"2018-08-02T12:02:17","modified_gmt":"2018-08-02T15:02:17","slug":"homem-vai-a-padaria-comprar-pao-e-depois-se-suicida-em-santo-andre","status":"publish","type":"post","link":"https:\/\/www.caririemacao.com\/1\/2018\/08\/02\/homem-vai-a-padaria-comprar-pao-e-depois-se-suicida-em-santo-andre\/","title":{"rendered":"Homem vai a padaria comprar p\u00e3o e depois se suicida em Santo Andr\u00e9"},"content":{"rendered":"<p>Um homem identificado como Ant\u00e3o, bastante popular nesta pequena cidade caririzeira, cunhado de Sebasti\u00e3o Bolacha, se suicidou na manh\u00e3 desta quarta-feira (1).<\/p>\n<p>Testemunhas disseram a este canal de comunica\u00e7\u00e3o, que Ant\u00e3o foi visto por volta das 5 horas da manh\u00e3 em uma padaria da cidade comprando p\u00e3o.<\/p>\n<p>No entanto, uma hora depois, seu corpo foi encontrado pendurado numa corda j\u00e1 sem vida em uma antiga lanchonete, vizinho a resid\u00eancia do ex-vereador, Seu Nino.<\/p>\n<p>Segundo pessoas ouvidas pela reportagem, Ant\u00e3o n\u00e3o era casado nem tinha filhos e, ultimamente, vivia muito calado e mudava de comportamento com frequ\u00eancia.<\/p>\n<p>Com Heleno Lima\/Foto: Reprodu\u00e7\u00e3o Internet<\/p>\n","protected":false},"excerpt":{"rendered":"<p>Um homem identificado como Ant\u00e3o, bastante popular nesta pequena cidade caririzeira, cunhado de Sebasti\u00e3o Bolacha, se suicidou na manh\u00e3 desta quarta-feira (1). Testemunhas disseram a&hellip; <\/p>\n","protected":false},"author":1,"featured_media":25307,"comment_status":"closed","ping_status":"closed","sticky":false,"template":"","format":"standard","meta":{"sfsi_plus_gutenberg_text_before_share":"","sfsi_plus_gutenberg_show_text_before_share":"","sfsi_plus_gutenberg_icon_type":"","sfsi_plus_gutenberg_icon_alignemt":"","sfsi_plus_gutenburg_max_per_row":"","footnotes":""},"categories":[12],"tags":[],"class_list":["post-59473","post","type-post","status-publish","format-standard","has-post-thumbnail","hentry","category-policia"],"_links":{"self":[{"href":"https:\/\/www.caririemacao.com\/1\/wp-json\/wp\/v2\/posts\/59473","targetHints":{"allow":["GET"]}}],"collection":[{"href":"https:\/\/www.caririemacao.com\/1\/wp-json\/wp\/v2\/posts"}],"about":[{"href":"https:\/\/www.caririemacao.com\/1\/wp-json\/wp\/v2\/types\/post"}],"author":[{"embeddable":true,"href":"https:\/\/www.caririemacao.com\/1\/wp-json\/wp\/v2\/users\/1"}],"replies":[{"embeddable":true,"href":"https:\/\/www.caririemacao.com\/1\/wp-json\/wp\/v2\/comments?post=59473"}],"version-history":[{"count":1,"href":"https:\/\/www.caririemacao.com\/1\/wp-json\/wp\/v2\/posts\/59473\/revisions"}],"predecessor-version":[{"id":59474,"href":"https:\/\/www.caririemacao.com\/1\/wp-json\/wp\/v2\/posts\/59473\/revisions\/59474"}],"wp:featuredmedia":[{"embeddable":true,"href":"https:\/\/www.caririemacao.com\/1\/wp-json\/wp\/v2\/media\/25307"}],"wp:attachment":[{"href":"https:\/\/www.caririemacao.com\/1\/wp-json\/wp\/v2\/media?parent=59473"}],"wp:term":[{"taxonomy":"category","embeddable":true,"href":"https:\/\/www.caririemacao.com\/1\/wp-json\/wp\/v2\/categories?post=59473"},{"taxonomy":"post_tag","embeddable":true,"href":"https:\/\/www.caririemacao.com\/1\/wp-json\/wp\/v2\/tags?post=59473"}],"curies":[{"name":"wp","href":"https:\/\/api.w.org\/{rel}","templated":true}]}}