{"id":59476,"date":"2018-08-02T12:32:31","date_gmt":"2018-08-02T15:32:31","guid":{"rendered":"http:\/\/caririemacao.com\/1\/?p=59476"},"modified":"2018-08-02T12:32:31","modified_gmt":"2018-08-02T15:32:31","slug":"mais-reforcos-prefeita-vice-prefeito-e-vereadores-de-monteiro-aderem-a-pre-candidatura-de-joao","status":"publish","type":"post","link":"https:\/\/www.caririemacao.com\/1\/2018\/08\/02\/mais-reforcos-prefeita-vice-prefeito-e-vereadores-de-monteiro-aderem-a-pre-candidatura-de-joao\/","title":{"rendered":"Mais refor\u00e7os: prefeita, vice-prefeito e vereadores de Monteiro aderem \u00e0 pr\u00e9-candidatura de Jo\u00e3o"},"content":{"rendered":"<p>A prefeita de Monteiro, Anna Lorena (PSDB), o vice-prefeito Celecileno (PSD) e vereadores da cidade aderiram \u00e0 pr\u00e9-candidatura de Jo\u00e3o Azev\u00eado (PSB) ao Governo do Estado. A ades\u00e3o da tucana e de seu grupo pol\u00edtico refor\u00e7a o nome do socialista no munic\u00edpio, onde ele j\u00e1 contava com o apoio do ex-deputado estadual Carlos Batinga (PTB) e do candidato a prefeito pelo PSB em 2016, Juraci Conrado.<\/p>\n<p>Anna Lorena, Celecileno, Carlos Batinga, o vereador Givalb\u00e9rio (Bero) e o secret\u00e1rio de Comunica\u00e7\u00e3o da Prefeitura de Monteiro, Fred Meneses, estiveram com Jo\u00e3o Azev\u00eado e o governador Ricardo Coutinho (PSB) para discutirem sobre a uni\u00e3o, al\u00e9m de assuntos de interesse da popula\u00e7\u00e3o. Antes de anunciar a sua decis\u00e3o, a prefeita conversou com sua base pol\u00edtica buscando a unidade do grupo.<\/p>\n<p>A prefeita de Monteiro afirmou que o trabalho e a decis\u00e3o em grupo foram fundamentais para a decis\u00e3o que ser\u00e1 muito positiva para sua cidade. \u201cO nosso apoio a Jo\u00e3o Azev\u00eado converge com o desejo da popula\u00e7\u00e3o de Monteiro de ver todo avan\u00e7o de obras e projetos da gest\u00e3o estadual na regi\u00e3o do Cariri e tamb\u00e9m no nosso munic\u00edpio\u201d, declarou.<\/p>\n<p>J\u00e1 o vice-prefeito Celecileno justificou sua ades\u00e3o pelo reconhecimento do trabalho executado pela gest\u00e3o do PSB, desde 2011, em toda a Para\u00edba, independente de posicionamentos pol\u00edticos.<\/p>\n<p>\u201cEsse projeto de Jo\u00e3o Azev\u00eado me agrada muito, principalmente, pela vis\u00e3o que ele tem de como trabalhar no Estado. Quando o munic\u00edpio cresce, a gente cresce junto. Quando h\u00e1 trabalho, h\u00e1 desenvolvimento e isso encontramos em Jo\u00e3o. N\u00e3o seria diferente, n\u00e3o vejo motivos para votar contra ele e isso me despertou, vendo os projetos dos outros pr\u00e9-candidatos, que Jo\u00e3o seria o caminho, e por isso estou o seguindo\u201d, argumentou.<\/p>\n<p>Para o deputado Carlos Batinga, a incorpora\u00e7\u00e3o da prefeita Anna Lorena e do seu grupo pol\u00edtico na base aliada de Jo\u00e3o Azev\u00eado \u00e9 muito importante e segue a vontade da popula\u00e7\u00e3o monteirense. \u201cFico muito feliz tamb\u00e9m com a alian\u00e7a do grupo de Anna Lorena, se unindo as lideran\u00e7as que j\u00e1 estavam marchando neste sentido e fortalecendo, ainda mais, a pr\u00e9-candidatura de Jo\u00e3o\u201d, afirmou o ex-deputado.<\/p>\n","protected":false},"excerpt":{"rendered":"<p>A prefeita de Monteiro, Anna Lorena (PSDB), o vice-prefeito Celecileno (PSD) e vereadores da cidade aderiram \u00e0 pr\u00e9-candidatura de Jo\u00e3o Azev\u00eado (PSB) ao Governo do&hellip; <\/p>\n","protected":false},"author":2,"featured_media":59477,"comment_status":"closed","ping_status":"closed","sticky":false,"template":"","format":"standard","meta":{"sfsi_plus_gutenberg_text_before_share":"","sfsi_plus_gutenberg_show_text_before_share":"","sfsi_plus_gutenberg_icon_type":"","sfsi_plus_gutenberg_icon_alignemt":"","sfsi_plus_gutenburg_max_per_row":"","footnotes":""},"categories":[1],"tags":[],"class_list":["post-59476","post","type-post","status-publish","format-standard","has-post-thumbnail","hentry","category-o-site"],"_links":{"self":[{"href":"https:\/\/www.caririemacao.com\/1\/wp-json\/wp\/v2\/posts\/59476","targetHints":{"allow":["GET"]}}],"collection":[{"href":"https:\/\/www.caririemacao.com\/1\/wp-json\/wp\/v2\/posts"}],"about":[{"href":"https:\/\/www.caririemacao.com\/1\/wp-json\/wp\/v2\/types\/post"}],"author":[{"embeddable":true,"href":"https:\/\/www.caririemacao.com\/1\/wp-json\/wp\/v2\/users\/2"}],"replies":[{"embeddable":true,"href":"https:\/\/www.caririemacao.com\/1\/wp-json\/wp\/v2\/comments?post=59476"}],"version-history":[{"count":1,"href":"https:\/\/www.caririemacao.com\/1\/wp-json\/wp\/v2\/posts\/59476\/revisions"}],"predecessor-version":[{"id":59478,"href":"https:\/\/www.caririemacao.com\/1\/wp-json\/wp\/v2\/posts\/59476\/revisions\/59478"}],"wp:featuredmedia":[{"embeddable":true,"href":"https:\/\/www.caririemacao.com\/1\/wp-json\/wp\/v2\/media\/59477"}],"wp:attachment":[{"href":"https:\/\/www.caririemacao.com\/1\/wp-json\/wp\/v2\/media?parent=59476"}],"wp:term":[{"taxonomy":"category","embeddable":true,"href":"https:\/\/www.caririemacao.com\/1\/wp-json\/wp\/v2\/categories?post=59476"},{"taxonomy":"post_tag","embeddable":true,"href":"https:\/\/www.caririemacao.com\/1\/wp-json\/wp\/v2\/tags?post=59476"}],"curies":[{"name":"wp","href":"https:\/\/api.w.org\/{rel}","templated":true}]}}