{"id":59502,"date":"2018-08-02T15:01:08","date_gmt":"2018-08-02T18:01:08","guid":{"rendered":"http:\/\/caririemacao.com\/1\/?p=59502"},"modified":"2018-08-02T15:01:08","modified_gmt":"2018-08-02T18:01:08","slug":"dem-formaliza-apoio-a-alckmin-e-deixa-executiva-definir-vice","status":"publish","type":"post","link":"https:\/\/www.caririemacao.com\/1\/2018\/08\/02\/dem-formaliza-apoio-a-alckmin-e-deixa-executiva-definir-vice\/","title":{"rendered":"DEM formaliza apoio a Alckmin e deixa Executiva definir vice"},"content":{"rendered":"<div class=\"ctnHeadline\">\n<div class=\"contentShare\">\n<p>O Democratas selou, em conven\u00e7\u00e3o partid\u00e1ria na manh\u00e3 desta quinta-feira, o apoio formal ao pr\u00e9-candidato do PSDB na disputa presidencial, Geraldo Alckmin, e decidiu delegar para a Executiva Nacional da legenda as tratativas em torno da escolha do vice na chapa do tucano.<\/p>\n<p class=\"text\">Antes da conven\u00e7\u00e3o, em r\u00e1pida entrevista coletiva, o presidente do DEM e destacado por Alckmin para negociar a escolha do vice entre o grupo de partidos que o apoiam, Antonio Carlos Magalh\u00e3es Neto, disse que \u00e9 poss\u00edvel que a defini\u00e7\u00e3o do nome possa ocorrer nas &#8220;pr\u00f3ximas horas&#8221;.<\/p>\n<p class=\"text\">&#8220;Temos um processo muito maduro&#8221;, disse ACM Neto, ao defender que o perfil do candidato seja complementar ao do candidato e &#8220;agregue eleitoralmente&#8221;.<\/p>\n<p class=\"text\">O presidente do DEM afirmou ainda que o nome sair\u00e1 do bloc\u00e3o &#8211;grupo de partidos formados por DEM, PP, PR, PRB e Solidariedade&#8211;, que decidiu apoiar o tucano h\u00e1 duas semanas.<\/p>\n<p class=\"text\">\u00daltimo a falar na conven\u00e7\u00e3o, Alckmin destacou a coer\u00eancia ideol\u00f3gica e a coragem do DEM e citou a fala do ex-presidente Luiz In\u00e1cio Lula da Silva que gostaria de extirpar a legenda. &#8220;O Democratas foi coerente durante os 13 anos na oposi\u00e7\u00e3o&#8221;, disse.<\/p>\n<p class=\"text\">&#8220;O Democratas \u00e9 um partido com quadros. T\u00e3o importante quanto as bandeiras \u00e9 a m\u00e3o que empunha as bandeiras. Voc\u00eas s\u00e3o um time&#8221;, afirmou.<\/p>\n<p class=\"text\">O pr\u00e9-candidato tucano frisou tamb\u00e9m a grande capacidade de articula\u00e7\u00e3o pol\u00edtica do\u00a0 DEM. &#8220;Como isso vai ser importante, necess\u00e1rio, o Brasil tem pressa, precisamos sair do marasmo&#8221;, disse, repetindo uma frase que tem usado comumente &#8211;&#8220;o Brasil tem pressa&#8221;.<\/p>\n<p class=\"text\">Ao elogiar o que considera grande &#8220;compet\u00eancia gerencial&#8221; do partido aliado, Alckmin fez um aceno p\u00fablico ao presidente do DEM e prefeito de Salvador, Ant\u00f4nio Carlos Magalh\u00e3es Neto, que, mesmo durante a profunda crise econ\u00f4mica por que o pa\u00eds passou nos \u00faltimos anos, conseguiu se reeleger em 2016 com 70 por cento das inten\u00e7\u00f5es de voto.<\/p>\n<div id=\"advCard3\" class=\"advertising impactAdv visible\">\n<div id=\"s3\" class=\"visible\">O pr\u00e9-candidato do PSDB elogiou tamb\u00e9m o presidente da C\u00e2mara, deputado Rodrigo Maia (DEM-RJ), por ter desistido de sua candidatura ao Pal\u00e1cio do Planalto em prol do apoio a ele.<\/div>\n<\/div>\n<p class=\"text\">Para o tucano, o DEM \u00e9 um partido necess\u00e1rio para as transforma\u00e7\u00f5es do pa\u00eds.<\/p>\n<p class=\"text\">&#8220;Minha palavra \u00e9 de duplo agradecimento pela honra do apoio de todos voc\u00eas e pela confian\u00e7a, n\u00e3o vou decepcion\u00e1-los. Vamos trabalhar juntos em benef\u00edcio da nossa popula\u00e7\u00e3o&#8221;, disse.<\/p>\n<p class=\"text\">&#8220;Mais do que preparado&#8221;<\/p>\n<p class=\"text\">O presidente do DEM exaltou a resist\u00eancia do partido que foi para a oposi\u00e7\u00e3o ap\u00f3s as elei\u00e7\u00f5es de 2002, quando come\u00e7aram as gest\u00f5es petistas em n\u00edvel federal. Ele citou que, naquela elei\u00e7\u00e3o, o DEM elegeu 84 deputados e em 2014, apenas 21.<\/p>\n<p class=\"text\">&#8220;Valeu a pena sim as decis\u00f5es que n\u00f3s tomamos, os riscos, cada enfrentamento que foi realizado&#8221;, disse.<\/p>\n<p class=\"text\">O presidente do DEM disse que Rodrigo Maia ajudou a costurar o arco de apoios partid\u00e1rios em favor da elei\u00e7\u00e3o de Alckmin.<\/p>\n<p class=\"text\">&#8220;Sabemos que seremos decisivos para a sua vit\u00f3ria e, mais ainda, seremos decisivos para transformar o Brasil&#8221;, disse ACM Neto, que frisou que o DEM vai dar uma contribui\u00e7\u00e3o important\u00edssima para a campanha do tucano.<\/p>\n<p class=\"text\">O presidente do DEM afirmou que medidas duras ter\u00e3o de ser tomadas, caso contr\u00e1rio n\u00e3o vai se &#8220;arrumar a casa&#8221;. Para ele, governos populistas n\u00e3o resolvem.<\/p>\n<p class=\"text\">Para ACM Neto, Alckmin est\u00e1 &#8220;mais do que preparado&#8221; para ser o nosso presidente da Rep\u00fablica.<\/p>\n<p class=\"text\">O presidente da C\u00e2mara disse que a estrutura do DEM ser\u00e1 muito importante para que, em conjunto com outros partidos, garanta a chegada de Alckmin ao segundo turno.<\/p>\n<p class=\"text\">Rodrigo Maia afirmou que n\u00e3o h\u00e1 ningu\u00e9m mais preparado que o tucano para fazer as mudan\u00e7as necess\u00e1rias no pa\u00eds.<\/p>\n<p class=\"text\">&#8220;\u00c9 aquele dentre todos colocados o que re\u00fane as melhores condi\u00e7\u00f5es. No meu Estado, no Rio de Janeiro, Vossa Excel\u00eancia pode ter certeza que sair\u00e1 com uma boa vit\u00f3ria para ajudar na sua vit\u00f3ria no primeiro turno e, com certeza, no segundo turno&#8221; refor\u00e7ou.<\/p>\n<p class=\"text\">O deputado federal Mendon\u00e7a Filho (DEM-PE), ex-ministro da Educa\u00e7\u00e3o e pr\u00e9-candidato ao Senado, disse que o debate interno que teve sobre a escolha do apoio a Alckmin foi &#8220;democr\u00e1tico e verdadeiro&#8221; e foi o melhor para o Brasil.<\/p>\n<p class=\"text\">&#8220;Na minha vida p\u00fablica, eu nunca escolhi o caminho mais f\u00e1cil e acho que quando voc\u00ea escolhe o mais f\u00e1cil, nem sempre \u00e9 o melhor par o povo&#8221;, disse. &#8220;A escolha em torno do nome do Geraldo foi a melhor para o Brasil. Passar\u00e1 pelo primeiro turno, ir\u00e1 para o segundo turno e vai ganhar as elei\u00e7\u00f5es para o bem do Brasil&#8221;, completou.<\/p>\n<p class=\"text\">O deputado federal Alberto Fraga (DEM-DF), pr\u00e9-candidato ao governo de Bras\u00edlia, disse que Alckmin \u00e9 o homem &#8220;mais preparado&#8221; para dirigir o Brasil.<\/p>\n<p class=\"text\">&#8220;S\u00e3o Paulo, com tanta viol\u00eancia, foi o Estado que mais diminuiu o n\u00famero de homic\u00eddios no Brasil&#8221;, disse ele, referindo-se \u00e0 gest\u00e3o do ex-governador paulista.<\/p>\n<p class=\"text\">Fraga \u00e9 o coordenador da chamada bancada da bala na C\u00e2mara dos Deputados e se inclinava a apoiar o candidato do PSL \u00e0 Presid\u00eancia, deputado Jair Bolsonaro (RJ).<\/p>\n<p>Com Terra\/Foto: Reprodu\u00e7\u00e3o Internet<\/p>\n<\/div>\n<\/div>\n","protected":false},"excerpt":{"rendered":"<p>O Democratas selou, em conven\u00e7\u00e3o partid\u00e1ria na manh\u00e3 desta quinta-feira, o apoio formal ao pr\u00e9-candidato do PSDB na disputa presidencial, Geraldo Alckmin, e decidiu delegar&hellip; <\/p>\n","protected":false},"author":1,"featured_media":54206,"comment_status":"closed","ping_status":"closed","sticky":false,"template":"","format":"standard","meta":{"sfsi_plus_gutenberg_text_before_share":"","sfsi_plus_gutenberg_show_text_before_share":"","sfsi_plus_gutenberg_icon_type":"","sfsi_plus_gutenberg_icon_alignemt":"","sfsi_plus_gutenburg_max_per_row":"","footnotes":""},"categories":[1],"tags":[],"class_list":["post-59502","post","type-post","status-publish","format-standard","has-post-thumbnail","hentry","category-o-site"],"_links":{"self":[{"href":"https:\/\/www.caririemacao.com\/1\/wp-json\/wp\/v2\/posts\/59502","targetHints":{"allow":["GET"]}}],"collection":[{"href":"https:\/\/www.caririemacao.com\/1\/wp-json\/wp\/v2\/posts"}],"about":[{"href":"https:\/\/www.caririemacao.com\/1\/wp-json\/wp\/v2\/types\/post"}],"author":[{"embeddable":true,"href":"https:\/\/www.caririemacao.com\/1\/wp-json\/wp\/v2\/users\/1"}],"replies":[{"embeddable":true,"href":"https:\/\/www.caririemacao.com\/1\/wp-json\/wp\/v2\/comments?post=59502"}],"version-history":[{"count":2,"href":"https:\/\/www.caririemacao.com\/1\/wp-json\/wp\/v2\/posts\/59502\/revisions"}],"predecessor-version":[{"id":59504,"href":"https:\/\/www.caririemacao.com\/1\/wp-json\/wp\/v2\/posts\/59502\/revisions\/59504"}],"wp:featuredmedia":[{"embeddable":true,"href":"https:\/\/www.caririemacao.com\/1\/wp-json\/wp\/v2\/media\/54206"}],"wp:attachment":[{"href":"https:\/\/www.caririemacao.com\/1\/wp-json\/wp\/v2\/media?parent=59502"}],"wp:term":[{"taxonomy":"category","embeddable":true,"href":"https:\/\/www.caririemacao.com\/1\/wp-json\/wp\/v2\/categories?post=59502"},{"taxonomy":"post_tag","embeddable":true,"href":"https:\/\/www.caririemacao.com\/1\/wp-json\/wp\/v2\/tags?post=59502"}],"curies":[{"name":"wp","href":"https:\/\/api.w.org\/{rel}","templated":true}]}}