{"id":59505,"date":"2018-08-02T15:02:43","date_gmt":"2018-08-02T18:02:43","guid":{"rendered":"http:\/\/caririemacao.com\/1\/?p=59505"},"modified":"2018-08-02T15:03:21","modified_gmt":"2018-08-02T18:03:21","slug":"lula-avalia-desistir-de-pedido-de-soltura-para-barrar-discussao-no-stf","status":"publish","type":"post","link":"https:\/\/www.caririemacao.com\/1\/2018\/08\/02\/lula-avalia-desistir-de-pedido-de-soltura-para-barrar-discussao-no-stf\/","title":{"rendered":"Lula avalia desistir de pedido de soltura para barrar discuss\u00e3o no STF"},"content":{"rendered":"<p><span class=\"news_capital_letter\">A<\/span>defesa do ex-presidente Lula est\u00e1 avaliando abrir m\u00e3o do pedido de soltura com a indica\u00e7\u00e3o de que o Supremo acelerar\u00e1 o julgamento do recurso no qual o ministro Edson Fachin embutiu discuss\u00e3o sobre a inelegibilidade do petista.<\/p>\n<div class=\"pub-container inside-news\">\n<div class=\"pub-space\">De acordo com informa\u00e7\u00f5es da coluna Painel, do jornal &#8220;Folha de S. Paulo&#8221;, na segunda-feira (6), os advogados de Lula v\u00e3o apresentar manifesta\u00e7\u00e3o reiterando a tese de que a discuss\u00e3o sobre a elegibilidade n\u00e3o pode ser feita neste momento.<\/div>\n<\/div>\n<p>Se\u00a0a defesa de Lula sentir que Fachin n\u00e3o vai acatar os argumentos,\u00a0haver\u00e1 a desist\u00eancia do pedido de liberdade. Al\u00e9m dos advogados criminais, a banca que atua na esfera eleitoral\u00a0est\u00e1 envolvida nesta discuss\u00e3o.<\/p>\n<p>Com Noticias ao Mintuto\/Foto: Reprodu\u00e7\u00e3o Internet<\/p>\n","protected":false},"excerpt":{"rendered":"<p>Adefesa do ex-presidente Lula est\u00e1 avaliando abrir m\u00e3o do pedido de soltura com a indica\u00e7\u00e3o de que o Supremo acelerar\u00e1 o julgamento do recurso no&hellip; <\/p>\n","protected":false},"author":1,"featured_media":39417,"comment_status":"closed","ping_status":"closed","sticky":false,"template":"","format":"standard","meta":{"sfsi_plus_gutenberg_text_before_share":"","sfsi_plus_gutenberg_show_text_before_share":"","sfsi_plus_gutenberg_icon_type":"","sfsi_plus_gutenberg_icon_alignemt":"","sfsi_plus_gutenburg_max_per_row":"","footnotes":""},"categories":[11],"tags":[],"class_list":["post-59505","post","type-post","status-publish","format-standard","has-post-thumbnail","hentry","category-politica"],"_links":{"self":[{"href":"https:\/\/www.caririemacao.com\/1\/wp-json\/wp\/v2\/posts\/59505","targetHints":{"allow":["GET"]}}],"collection":[{"href":"https:\/\/www.caririemacao.com\/1\/wp-json\/wp\/v2\/posts"}],"about":[{"href":"https:\/\/www.caririemacao.com\/1\/wp-json\/wp\/v2\/types\/post"}],"author":[{"embeddable":true,"href":"https:\/\/www.caririemacao.com\/1\/wp-json\/wp\/v2\/users\/1"}],"replies":[{"embeddable":true,"href":"https:\/\/www.caririemacao.com\/1\/wp-json\/wp\/v2\/comments?post=59505"}],"version-history":[{"count":1,"href":"https:\/\/www.caririemacao.com\/1\/wp-json\/wp\/v2\/posts\/59505\/revisions"}],"predecessor-version":[{"id":59506,"href":"https:\/\/www.caririemacao.com\/1\/wp-json\/wp\/v2\/posts\/59505\/revisions\/59506"}],"wp:featuredmedia":[{"embeddable":true,"href":"https:\/\/www.caririemacao.com\/1\/wp-json\/wp\/v2\/media\/39417"}],"wp:attachment":[{"href":"https:\/\/www.caririemacao.com\/1\/wp-json\/wp\/v2\/media?parent=59505"}],"wp:term":[{"taxonomy":"category","embeddable":true,"href":"https:\/\/www.caririemacao.com\/1\/wp-json\/wp\/v2\/categories?post=59505"},{"taxonomy":"post_tag","embeddable":true,"href":"https:\/\/www.caririemacao.com\/1\/wp-json\/wp\/v2\/tags?post=59505"}],"curies":[{"name":"wp","href":"https:\/\/api.w.org\/{rel}","templated":true}]}}