{"id":59509,"date":"2018-08-02T15:13:11","date_gmt":"2018-08-02T18:13:11","guid":{"rendered":"http:\/\/caririemacao.com\/1\/?p=59509"},"modified":"2018-08-02T15:13:11","modified_gmt":"2018-08-02T18:13:11","slug":"na-paraiba-2329-mil-criancas-devem-receber-vacinas-contra-a-polio-e-sarampo","status":"publish","type":"post","link":"https:\/\/www.caririemacao.com\/1\/2018\/08\/02\/na-paraiba-2329-mil-criancas-devem-receber-vacinas-contra-a-polio-e-sarampo\/","title":{"rendered":"Na Para\u00edba, 232,9 mil crian\u00e7as devem receber vacinas contra a p\u00f3lio e sarampo"},"content":{"rendered":"<p class=\"m_-1450138133432322588rvps3\"><span class=\"m_-1450138133432322588rvts5\">A nova Campanha Nacional de Vacina\u00e7\u00e3o Contra a poliomielite e sarampo come\u00e7a na segunda-feira (6) e vai at\u00e9 o dia 31 de agosto. Na Para\u00edba, o p\u00fablico-alvo da campanha \u00e9 de aproximadamente 232,9 mil pessoas. Em todo o pa\u00eds, 11,2 milh\u00f5es de crian\u00e7as devem ser vacinadas. Todas as crian\u00e7as de um ano a menores de cinco do pa\u00eds devem se vacinar contra a p\u00f3lio e sarampo, independente da situa\u00e7\u00e3o vacinal.<\/span><\/p>\n<p class=\"m_-1450138133432322588rvps3\"><span class=\"m_-1450138133432322588rvts5\">O dia D de mobiliza\u00e7\u00e3o nacional ser\u00e1 s\u00e1bado, 18 de agosto, quando os mais de 36 mil postos de vacina\u00e7\u00e3o no pa\u00eds estar\u00e3o abertos ofertando as vacinas. A meta \u00e9 vacinar, pelo menos, 95% das crian\u00e7as para diminuir a possibilidade de retorno da p\u00f3lio e reemerg\u00eancia do sarampo, doen\u00e7as j\u00e1 eliminadas no pa\u00eds. A madrinha da campanha deste ano \u00e9 a Xuxa, eterna rainha dos baixinhos.<\/span><\/p>\n<p class=\"m_-1450138133432322588rvps3\"><span class=\"m_-1450138133432322588rvts5\">A prioridade da campanha s\u00e3o as crian\u00e7as de um at\u00e9 menores de cinco anos, p\u00fablico mais suscet\u00edveis \u00e0s doen\u00e7as e suas complica\u00e7\u00f5es. Para atender a esse p\u00fablico, foram adquiridas 28,3 milh\u00f5es doses das vacinas, um total de R$ 160,7 milh\u00f5es. Todos os estados do pa\u00eds j\u00e1 est\u00e3o abastecidos com 871,3 mil doses da Vacina Inativada Poliomielite (VIP), 14 milh\u00f5es da Vacina Oral Poliomielite (VOP) e 13,4 milh\u00f5es da Tr\u00edplice viral, que protege contra sarampo, rub\u00e9ola e caxumba. Para o estado da Para\u00edba foram distribu\u00eddas 587,7 mil doses das tr\u00eas vacinas.<\/span><\/p>\n<p class=\"m_-1450138133432322588rvps3\"><span class=\"m_-1450138133432322588rvts5\">A campanha de vacina\u00e7\u00e3o deste ano \u00e9 indiscriminada, ou seja, pretende vacinar todas as crian\u00e7as dessa faixa et\u00e1ria no pa\u00eds e para manter coberturas homog\u00eaneas de vacina\u00e7\u00e3o. Para a poliomielite, as que n\u00e3o tomaram nenhuma dose durante a vida receber\u00e3o a VIP. J\u00e1 os menores de cinco anos que j\u00e1 tiverem tomado uma ou mais doses da vacina, receber\u00e3o a VOP, a gotinha. Em rela\u00e7\u00e3o ao sarampo, todas as crian\u00e7as receber\u00e3o uma dose da vacina Tr\u00edplice viral, independente da situa\u00e7\u00e3o vacinal, desde que n\u00e3o tenham sido vacinadas nos \u00faltimos trinta dias.<\/span><\/p>\n<p class=\"m_-1450138133432322588rvps3\"><span class=\"m_-1450138133432322588rvts5\">Nos estados que registraram casos de sarampo, a vacina\u00e7\u00e3o foi antecipada como medida de bloqueio para interromper a circula\u00e7\u00e3o do v\u00edrus. Em Roraima, a campanha iniciou em mar\u00e7o e envolveu pessoas de 6 meses a 49 anos. J\u00e1 em Manaus (AM), aconteceu em abril e o p\u00fablico vacinado foi de 6 meses a 29 anos de idade. E, em Rond\u00f4nia, a vacina\u00e7\u00e3o est\u00e1 em andamento para crian\u00e7as de 6 meses a menores de cinco anos. Durante a mobiliza\u00e7\u00e3o nacional, esses estados devem convocar novamente as crian\u00e7as de um a menores de cinco anos para receber a imuniza\u00e7\u00e3o.<\/span><\/p>\n<p class=\"m_-1450138133432322588rvps3\"><span class=\"m_-1450138133432322588rvts5\">O Minist\u00e9rio da Sa\u00fade oferta todas as vacinas recomendadas pela Organiza\u00e7\u00e3o Mundial da Sa\u00fade (OMS) no Calend\u00e1rio Nacional de Vacina\u00e7\u00e3o. Ao todo, s\u00e3o 19 para combater mais de 20 doen\u00e7as, em todas as faixas et\u00e1rias. Por ano, s\u00e3o cerca de 300 milh\u00f5es de doses de imunobiol\u00f3gicos distribu\u00eddos em todo o pa\u00eds.<\/span><\/p>\n<p class=\"m_-1450138133432322588rvps3\"><span class=\"m_-1450138133432322588rvts6\">CAMPANHA PUBLICIT\u00c1RIA<\/span><\/p>\n<p class=\"m_-1450138133432322588rvps3\"><span class=\"m_-1450138133432322588rvts5\">Para mobilizar a popula\u00e7\u00e3o, o Minist\u00e9rio da Sa\u00fade aposta neste ano na Xuxa, a eterna rainha dos baixinhos. N\u00e3o \u00e9 a primeira vez que ela \u00e9 madrinha de uma campanha de vacina\u00e7\u00e3o do Minist\u00e9rio da Sa\u00fade. Nos anos 1980, Xuxa tamb\u00e9m estrelou uma campanha de vacina\u00e7\u00e3o que bateu recordes e foi reconhecida at\u00e9 pela Organiza\u00e7\u00e3o Mundial da Sa\u00fade (OMS). As pe\u00e7as para TV, r\u00e1dio, impressos e redes sociais, ser\u00e3o exibidas de 1\u00ba a 31 de agosto. O filme, gravado em 3D, faz uma viagem ao passado, nas d\u00e9cadas de 80\/90, quando nasceu o Z\u00e9 Gotinha e tamb\u00e9m quando o Brasil assumiu o compromisso de eliminar o sarampo e a poliomielite. Xuxa e o Z\u00e9 Gotinha contar\u00e3o com o apoio da Galinha Pintadinha e dan\u00e7arinos do game Just Dance.<\/span><\/p>\n<p class=\"m_-1450138133432322588rvps3\"><span class=\"m_-1450138133432322588rvts6\">QUEDA NA VACINA<\/span><\/p>\n<p class=\"m_-1450138133432322588rvps3\"><span class=\"m_-1450138133432322588rvts5\">Desde que observou redu\u00e7\u00e3o nas coberturas vacinais do pa\u00eds, o Minist\u00e9rio da Sa\u00fade tem alertado sobre o risco da volta de doen\u00e7as que j\u00e1 n\u00e3o circulavam no Brasil, como \u00e9 o caso do sarampo. Entre as principais causas, pode-se apontar o pr\u00f3prio sucesso do Programa Nacional de Vacina\u00e7\u00e3o, que causou no pa\u00eds, a falsa sensa\u00e7\u00e3o de que n\u00e3o h\u00e1 mais necessidade de se vacinar. Outros fatores s\u00e3o: desconhecimento individual de doen\u00e7as j\u00e1 eliminadas; hor\u00e1rios de funcionamento das unidades de sa\u00fade incompat\u00edveis com as novas rotinas da popula\u00e7\u00e3o; circula\u00e7\u00e3o de not\u00edcias falsas na internet e Whats App causando d\u00favidas sobre a seguran\u00e7a e efic\u00e1cia das vacinas; bem como a inadequada alimenta\u00e7\u00e3o dos sistemas de informa\u00e7\u00e3o.\u00a0 Para os estados que est\u00e3o abaixo da meta de vacina\u00e7\u00e3o, o Minist\u00e9rio da Sa\u00fade tem orientado os gestores locais que organizem suas redes, inclusive com a possibilidade de readequa\u00e7\u00e3o de hor\u00e1rios mais compat\u00edveis. Outra orienta\u00e7\u00e3o \u00e9 refor\u00e7ar as parcerias com creches e escolas, ambientes que potencializam a mobiliza\u00e7\u00e3o sobre a vacina por envolver professores e a fam\u00edlia. A Pasta ainda alerta para a import\u00e2ncia de manter os sistemas de informa\u00e7\u00e3o devidamente atualizados.<\/span><\/p>\n<p class=\"m_-1450138133432322588rvps3\"><span class=\"m_-1450138133432322588rvts6\">SARAMPO<\/span><\/p>\n<p class=\"m_-1450138133432322588rvps3\"><span class=\"m_-1450138133432322588rvts5\">O Brasil recebeu, em 2016, da Organiza\u00e7\u00e3o Pan-Americana da Sa\u00fade (OPAS), o certificado de elimina\u00e7\u00e3o da circula\u00e7\u00e3o do v\u00edrus do sarampo, e atualmente empreende esfor\u00e7os para manter o certificado, principalmente por meio do fortalecimento da vigil\u00e2ncia epidemiol\u00f3gica, da rede laboratorial e de estrat\u00e9gias de imuniza\u00e7\u00e3o. No mundo, h\u00e1 registros de casos de sarampo em alguns pa\u00edses da Europa e das Am\u00e9ricas. Em 2017, foram 173.330 casos registrados. Em 2018 (at\u00e9 maio), 81.635 casos confirmados, a maioria em pa\u00edses do Sudeste Asi\u00e1tico e Europa. Atualmente, o Brasil enfrenta dois surtos de sarampo: em Roraima e no Amazonas. Al\u00e9m disso, alguns casos isolados foram identificados nos estados de Rio de Janeiro (14); Rio Grande do Sul (13); Par\u00e1 (2), Rond\u00f4nia (1) e S\u00e3o Paulo (1). O reaparecimento da doen\u00e7a est\u00e1 relacionado \u00e0s baixas coberturas e a presen\u00e7a de venezuelanos no pa\u00eds, comprovado pelo gen\u00f3tipo do v\u00edrus (D8) identificado, que \u00e9 o mesmo que circula na Venezuela. At\u00e9 o dia 17 de julho, foram confirmados 822 casos de sarampo no Amazonas e em Roraima.<\/span><\/p>\n<p class=\"m_-1450138133432322588rvps3\"><span class=\"m_-1450138133432322588rvts6\">POLIOMIELITE<\/span><\/p>\n<p class=\"m_-1450138133432322588rvps3\"><span class=\"m_-1450138133432322588rvts5\">De acordo com dados da Organiza\u00e7\u00e3o Mundial da Sa\u00fade (OMS), tr\u00eas pa\u00edses ainda s\u00e3o considerados end\u00eamicos (Paquist\u00e3o, Nig\u00e9ria e Afeganist\u00e3o). O Brasil est\u00e1 livre da poliomielite desde 1990. Em 1994, o pa\u00eds recebeu, da Organiza\u00e7\u00e3o Pan-Americana da Sa\u00fade (OPAS), a Certifica\u00e7\u00e3o de \u00c1rea Livre de Circula\u00e7\u00e3o do Poliov\u00edrus Selvagem.<\/span><\/p>\n<h2>POLIOMIELITE<\/h2>\n<p>De acordo com dados da Organiza\u00e7\u00e3o Mundial da Sa\u00fade (OMS), tr\u00eas pa\u00edses ainda s\u00e3o considerados end\u00eamicos (Paquist\u00e3o, Nig\u00e9ria e Afeganist\u00e3o). O Brasil est\u00e1 livre da poliomielite desde 1990. Em 1994, o pa\u00eds recebeu, da Organiza\u00e7\u00e3o Pan-Americana da Sa\u00fade (OPAS), a Certifica\u00e7\u00e3o de \u00c1rea Livre de Circula\u00e7\u00e3o do Poliov\u00edrus Selvagem.<\/p>\n<div class=\"su-table\">\n<table>\n<tbody>\n<tr class=\"su-even\">\n<td colspan=\"6\" rowspan=\"2\"><strong>Dados da Campanha de Vacina\u00e7\u00e3o contra a Poliomielite por UF<\/strong><\/td>\n<td><\/td>\n<\/tr>\n<tr>\n<td><\/td>\n<\/tr>\n<tr class=\"su-even\">\n<td><strong>\u00a0<\/strong><\/td>\n<td><strong>P\u00fablico-alvo<\/strong><\/td>\n<td colspan=\"4\"><strong>Quantitativo de doses das vacinas<\/strong><\/td>\n<td><\/td>\n<\/tr>\n<tr>\n<td><strong>UF<\/strong><\/td>\n<td><strong>TOTAL<\/strong><\/td>\n<td><strong>VIP<\/strong><\/td>\n<td><strong>VOP<\/strong><\/td>\n<td><strong>TR\u00cdPLICE VIRAL<\/strong><\/td>\n<td><strong>TOTAL<\/strong><\/td>\n<td><\/td>\n<\/tr>\n<tr class=\"su-even\">\n<td><strong>PB<\/strong><\/td>\n<td>232.889<\/td>\n<td>17.060<\/td>\n<td>291.200<\/td>\n<td>279.500<\/td>\n<td>587.760<\/td>\n<td><\/td>\n<\/tr>\n<tr>\n<td><strong>\u00a0BRASIL<\/strong><\/td>\n<td><strong>11.213.278<\/strong><\/td>\n<td><strong>871.320<\/strong><\/td>\n<td><strong>14.019.000<\/strong><\/td>\n<td><strong>13.457.100<\/strong><\/td>\n<td><strong>28.347.420<\/strong><\/td>\n<td><\/td>\n<\/tr>\n<\/tbody>\n<\/table>\n<\/div>\n<p>Com Ag\u00eancia Sa\u00fade\/Foto: Reprodu\u00e7\u00e3o Internet<\/p>\n","protected":false},"excerpt":{"rendered":"<p>A nova Campanha Nacional de Vacina\u00e7\u00e3o Contra a poliomielite e sarampo come\u00e7a na segunda-feira (6) e vai at\u00e9 o dia 31 de agosto. Na Para\u00edba,&hellip; <\/p>\n","protected":false},"author":1,"featured_media":59510,"comment_status":"closed","ping_status":"closed","sticky":false,"template":"","format":"standard","meta":{"sfsi_plus_gutenberg_text_before_share":"","sfsi_plus_gutenberg_show_text_before_share":"","sfsi_plus_gutenberg_icon_type":"","sfsi_plus_gutenberg_icon_alignemt":"","sfsi_plus_gutenburg_max_per_row":"","footnotes":""},"categories":[16],"tags":[],"class_list":["post-59509","post","type-post","status-publish","format-standard","has-post-thumbnail","hentry","category-saude"],"_links":{"self":[{"href":"https:\/\/www.caririemacao.com\/1\/wp-json\/wp\/v2\/posts\/59509","targetHints":{"allow":["GET"]}}],"collection":[{"href":"https:\/\/www.caririemacao.com\/1\/wp-json\/wp\/v2\/posts"}],"about":[{"href":"https:\/\/www.caririemacao.com\/1\/wp-json\/wp\/v2\/types\/post"}],"author":[{"embeddable":true,"href":"https:\/\/www.caririemacao.com\/1\/wp-json\/wp\/v2\/users\/1"}],"replies":[{"embeddable":true,"href":"https:\/\/www.caririemacao.com\/1\/wp-json\/wp\/v2\/comments?post=59509"}],"version-history":[{"count":1,"href":"https:\/\/www.caririemacao.com\/1\/wp-json\/wp\/v2\/posts\/59509\/revisions"}],"predecessor-version":[{"id":59511,"href":"https:\/\/www.caririemacao.com\/1\/wp-json\/wp\/v2\/posts\/59509\/revisions\/59511"}],"wp:featuredmedia":[{"embeddable":true,"href":"https:\/\/www.caririemacao.com\/1\/wp-json\/wp\/v2\/media\/59510"}],"wp:attachment":[{"href":"https:\/\/www.caririemacao.com\/1\/wp-json\/wp\/v2\/media?parent=59509"}],"wp:term":[{"taxonomy":"category","embeddable":true,"href":"https:\/\/www.caririemacao.com\/1\/wp-json\/wp\/v2\/categories?post=59509"},{"taxonomy":"post_tag","embeddable":true,"href":"https:\/\/www.caririemacao.com\/1\/wp-json\/wp\/v2\/tags?post=59509"}],"curies":[{"name":"wp","href":"https:\/\/api.w.org\/{rel}","templated":true}]}}