{"id":59512,"date":"2018-08-02T15:41:59","date_gmt":"2018-08-02T18:41:59","guid":{"rendered":"http:\/\/caririemacao.com\/1\/?p=59512"},"modified":"2018-08-02T15:41:59","modified_gmt":"2018-08-02T18:41:59","slug":"mais-da-metade-do-eleitorado-esta-indeciso-ou-vai-votar-branco-ou-nulo","status":"publish","type":"post","link":"https:\/\/www.caririemacao.com\/1\/2018\/08\/02\/mais-da-metade-do-eleitorado-esta-indeciso-ou-vai-votar-branco-ou-nulo\/","title":{"rendered":"Mais da metade do eleitorado est\u00e1 indeciso ou vai votar branco ou nulo"},"content":{"rendered":"<p>Mais de metade do eleitorado brasileiro vai votar em branco ou nulo ou est\u00e1 indeciso com rela\u00e7\u00e3o \u00e0 elei\u00e7\u00e3o presidencial de outubro, segundo pesquisa da CNI (Confedera\u00e7\u00e3o Nacional da Ind\u00fastria) realizada pelo Ibope e divulgada nesta quinta-feira (2).<\/p>\n<p>Quando perguntados de forma espont\u00e2nea (quando n\u00e3o se apresentam candidatos) em quem pretendem votar em outubro, 59% dos eleitores n\u00e3o disseram nenhum nome. Esse \u00e9 o maior n\u00famero de eleitores com esse perfil das \u00faltimas cinco elei\u00e7\u00f5es, segundo a pesquisa &#8220;Retrato da Sociedade Brasileira &#8211; Elei\u00e7\u00f5es 2018&#8221;.<\/p>\n<p>Os motivos para n\u00e3o terem candidato este ano \u00e9 o descr\u00e9dito da classe pol\u00edtica e a insatisfa\u00e7\u00e3o com a corrup\u00e7\u00e3o.<\/p>\n<p>&#8220;O eleitor n\u00e3o encontrou aquele candidato que ele sonha. A decis\u00e3o vai acontecer muito mais pr\u00f3xima da elei\u00e7\u00e3o que nas elei\u00e7\u00f5es anteriores. A gente percebe que a maioria dos eleitores n\u00e3o conhece os candidatos e suas propostas. At\u00e9 entre os que j\u00e1 escolheram candidatos, ainda h\u00e1 alguma indecis\u00e3o&#8221;, afirma o gerente-executivo de Pesquisa e Competitividade da CNI, Renato da Fonseca.<\/p>\n<p>A pesquisa CNI\/Ibope ouviu 2.000 pessoas entre os dias 21 e 24 de junho, em todo o pa\u00eds, e detalha informa\u00e7\u00f5es sobre o perfil do eleitor que vai votar em outubro.<\/p>\n<p>Com R7 \/Foto: Reprodu\u00e7\u00e3o Internet<\/p>\n","protected":false},"excerpt":{"rendered":"<p>Mais de metade do eleitorado brasileiro vai votar em branco ou nulo ou est\u00e1 indeciso com rela\u00e7\u00e3o \u00e0 elei\u00e7\u00e3o presidencial de outubro, segundo pesquisa da&hellip; <\/p>\n","protected":false},"author":1,"featured_media":59513,"comment_status":"closed","ping_status":"closed","sticky":false,"template":"","format":"standard","meta":{"sfsi_plus_gutenberg_text_before_share":"","sfsi_plus_gutenberg_show_text_before_share":"","sfsi_plus_gutenberg_icon_type":"","sfsi_plus_gutenberg_icon_alignemt":"","sfsi_plus_gutenburg_max_per_row":"","footnotes":""},"categories":[2],"tags":[],"class_list":["post-59512","post","type-post","status-publish","format-standard","has-post-thumbnail","hentry","category-geral"],"_links":{"self":[{"href":"https:\/\/www.caririemacao.com\/1\/wp-json\/wp\/v2\/posts\/59512","targetHints":{"allow":["GET"]}}],"collection":[{"href":"https:\/\/www.caririemacao.com\/1\/wp-json\/wp\/v2\/posts"}],"about":[{"href":"https:\/\/www.caririemacao.com\/1\/wp-json\/wp\/v2\/types\/post"}],"author":[{"embeddable":true,"href":"https:\/\/www.caririemacao.com\/1\/wp-json\/wp\/v2\/users\/1"}],"replies":[{"embeddable":true,"href":"https:\/\/www.caririemacao.com\/1\/wp-json\/wp\/v2\/comments?post=59512"}],"version-history":[{"count":1,"href":"https:\/\/www.caririemacao.com\/1\/wp-json\/wp\/v2\/posts\/59512\/revisions"}],"predecessor-version":[{"id":59518,"href":"https:\/\/www.caririemacao.com\/1\/wp-json\/wp\/v2\/posts\/59512\/revisions\/59518"}],"wp:featuredmedia":[{"embeddable":true,"href":"https:\/\/www.caririemacao.com\/1\/wp-json\/wp\/v2\/media\/59513"}],"wp:attachment":[{"href":"https:\/\/www.caririemacao.com\/1\/wp-json\/wp\/v2\/media?parent=59512"}],"wp:term":[{"taxonomy":"category","embeddable":true,"href":"https:\/\/www.caririemacao.com\/1\/wp-json\/wp\/v2\/categories?post=59512"},{"taxonomy":"post_tag","embeddable":true,"href":"https:\/\/www.caririemacao.com\/1\/wp-json\/wp\/v2\/tags?post=59512"}],"curies":[{"name":"wp","href":"https:\/\/api.w.org\/{rel}","templated":true}]}}