{"id":59520,"date":"2018-08-02T15:49:39","date_gmt":"2018-08-02T18:49:39","guid":{"rendered":"http:\/\/caririemacao.com\/1\/?p=59520"},"modified":"2018-08-02T15:49:39","modified_gmt":"2018-08-02T18:49:39","slug":"prestacao-de-contas-de-recursos-para-construcao-de-creches-e-quadras-escolares-devem-ser-feitas-por-meio-do-simec","status":"publish","type":"post","link":"https:\/\/www.caririemacao.com\/1\/2018\/08\/02\/prestacao-de-contas-de-recursos-para-construcao-de-creches-e-quadras-escolares-devem-ser-feitas-por-meio-do-simec\/","title":{"rendered":"Presta\u00e7\u00e3o de contas de recursos para constru\u00e7\u00e3o de creches e quadras escolares devem ser feitas por meio do Simec"},"content":{"rendered":"<nav class=\"navbar navbar-default navbar-fixed-top\" role=\"navigation\">\n<div class=\"container\">\n<div class=\"navbar-header\"><\/div>\n<\/div>\n<\/nav>\n<div class=\"container\">\n<div class=\"row\">\n<div class=\"col-md-9\">\n<div class=\"noticias\">\n<div class=\"noticia post\">\n<p class=\"noticias-categorias text-right\">\n<div id=\"post\" class=\"materia\">\n<p><img fetchpriority=\"high\" decoding=\"async\" class=\"img-responsive img-rounded\" src=\"https:\/\/undime.org.br\/uploads\/fotos\/php0ZBXnz_5b62f673777da.jpg\" alt=\"\" width=\"400\" height=\"266\" \/>Gestores municipais e estaduais de todo o Brasil t\u00eam, desde a \u00faltima quarta-feira, 1\u00ba de agosto, 60 dias para prestar contas de recursos recebidos do Fundo Nacional de Desenvolvimento da Educa\u00e7\u00e3o (FNDE) para a constru\u00e7\u00e3o de creches e quadras escolares. As presta\u00e7\u00f5es de contas de um total de 3.105 termos de compromisso\u00a0<a href=\"http:\/\/www.fnde.gov.br\/centrais-de-conteudos\/publicacoes\/category\/105-noticias?download=12384:prestacao-de-contas-termo-de-compromisso-010818\" target=\"_blank\" rel=\"noopener\"><strong>(veja lista)<\/strong><\/a>, cujas vig\u00eancias se encerraram at\u00e9 31 de maio de 2018, devem ser feitas no Sistema Integrado de Monitoramento, Execu\u00e7\u00e3o e Controle do Minist\u00e9rio da Educa\u00e7\u00e3o (Simec).<\/p>\n<p>Antes, o processo era realizado por meio do Sistema de Gest\u00e3o de Presta\u00e7\u00e3o de Contas (SiGPC\/Contas Online), do FNDE. Mas agora \u00e9 tudo via Simec, conforme institu\u00eddo pela\u00a0<a href=\"http:\/\/pesquisa.in.gov.br\/imprensa\/jsp\/visualiza\/index.jsp?data=07\/06\/2018&amp;jornal=515&amp;pagina=19&amp;totalArquivos=130\" target=\"_blank\" rel=\"noopener\">Resolu\u00e7\u00e3o CD\/FNDE n\u00ba 12\/2018<\/a>. Segundo a diretora Financeira do FNDE, Cynthia Pinheiro, a mudan\u00e7a visa facilitar os procedimentos de presta\u00e7\u00e3o de contas, pois o Simec j\u00e1 re\u00fane todas as informa\u00e7\u00f5es sobre os referidos termos de compromisso.<\/p>\n<p>\u201cA exce\u00e7\u00e3o \u00e9 para aqueles gestores que j\u00e1 prestaram contas por meio do SiGPC ou para aqueles que foram notificados por omiss\u00e3o no dever de prestar contas\u201d, afirma Cynthia Pinheiro.<\/p>\n<p><strong>Fonte: <\/strong>FNDE\/ Foto: Reprodu\u00e7\u00e3o<\/p>\n<\/div>\n<p>Leia mais not\u00edcias em\u00a0<a href=\"http:\/\/www.caririemacao.com\/\">caririemacao.com<\/a>, siga nossa p\u00e1gina no\u00a0<a href=\"https:\/\/www.facebook.com\/CaririEmAcao\/?ref=aymt_homepage_panel\">Facebook<\/a>,\u00a0<a href=\"https:\/\/www.instagram.com\/cariri_em_acao\/?hl=pt-br\">Instagram<\/a>\u00a0e\u00a0<a href=\"https:\/\/www.youtube.com\/channel\/UCAptA0jQuYQy8vMhLt2m4qg\">Youtube<\/a>\u00a0e veja nossas mat\u00e9rias, v\u00eddeos e fotos. Voc\u00ea tamb\u00e9m pode enviar informa\u00e7\u00f5es \u00e0 Reda\u00e7\u00e3o do Portal Cariri em A\u00e7\u00e3o pelo WhatsApp (83) 9 9634.5791, (83) 9 9601-1162.<\/p>\n<\/div>\n<\/div>\n<\/div>\n<\/div>\n<\/div>\n","protected":false},"excerpt":{"rendered":"<p>Gestores municipais e estaduais de todo o Brasil t\u00eam, desde a \u00faltima quarta-feira, 1\u00ba de agosto, 60 dias para prestar contas de recursos recebidos do&hellip; <\/p>\n","protected":false},"author":1,"featured_media":59521,"comment_status":"closed","ping_status":"closed","sticky":false,"template":"","format":"standard","meta":{"sfsi_plus_gutenberg_text_before_share":"","sfsi_plus_gutenberg_show_text_before_share":"","sfsi_plus_gutenberg_icon_type":"","sfsi_plus_gutenberg_icon_alignemt":"","sfsi_plus_gutenburg_max_per_row":"","footnotes":""},"categories":[6],"tags":[],"class_list":["post-59520","post","type-post","status-publish","format-standard","has-post-thumbnail","hentry","category-cidades"],"_links":{"self":[{"href":"https:\/\/www.caririemacao.com\/1\/wp-json\/wp\/v2\/posts\/59520","targetHints":{"allow":["GET"]}}],"collection":[{"href":"https:\/\/www.caririemacao.com\/1\/wp-json\/wp\/v2\/posts"}],"about":[{"href":"https:\/\/www.caririemacao.com\/1\/wp-json\/wp\/v2\/types\/post"}],"author":[{"embeddable":true,"href":"https:\/\/www.caririemacao.com\/1\/wp-json\/wp\/v2\/users\/1"}],"replies":[{"embeddable":true,"href":"https:\/\/www.caririemacao.com\/1\/wp-json\/wp\/v2\/comments?post=59520"}],"version-history":[{"count":1,"href":"https:\/\/www.caririemacao.com\/1\/wp-json\/wp\/v2\/posts\/59520\/revisions"}],"predecessor-version":[{"id":59522,"href":"https:\/\/www.caririemacao.com\/1\/wp-json\/wp\/v2\/posts\/59520\/revisions\/59522"}],"wp:featuredmedia":[{"embeddable":true,"href":"https:\/\/www.caririemacao.com\/1\/wp-json\/wp\/v2\/media\/59521"}],"wp:attachment":[{"href":"https:\/\/www.caririemacao.com\/1\/wp-json\/wp\/v2\/media?parent=59520"}],"wp:term":[{"taxonomy":"category","embeddable":true,"href":"https:\/\/www.caririemacao.com\/1\/wp-json\/wp\/v2\/categories?post=59520"},{"taxonomy":"post_tag","embeddable":true,"href":"https:\/\/www.caririemacao.com\/1\/wp-json\/wp\/v2\/tags?post=59520"}],"curies":[{"name":"wp","href":"https:\/\/api.w.org\/{rel}","templated":true}]}}