{"id":59523,"date":"2018-08-02T15:53:15","date_gmt":"2018-08-02T18:53:15","guid":{"rendered":"http:\/\/caririemacao.com\/1\/?p=59523"},"modified":"2018-08-02T15:54:58","modified_gmt":"2018-08-02T18:54:58","slug":"governador-inaugura-escola-tecnica-estadual-de-campina-grande","status":"publish","type":"post","link":"https:\/\/www.caririemacao.com\/1\/2018\/08\/02\/governador-inaugura-escola-tecnica-estadual-de-campina-grande\/","title":{"rendered":"Governador inaugura Escola T\u00e9cnica Estadual de Campina Grande"},"content":{"rendered":"<p>O Governo do Estado entregou, na manh\u00e3 desta quinta-feira (2), a Escola T\u00e9cnica professor Br\u00e1ulio Maia J\u00fanior, em Campina Grande, obra que representa quase R$ 16 milh\u00f5es de investimento em parceria com o Governo Federal.<\/p>\n<p>A nova unidade de ensino vai atender cerca de 1.400 estudantes, disponibilizando dois cursos t\u00e9cnicos: Design de Cal\u00e7ados e Programa\u00e7\u00e3o de Jogos Digitais.<\/p>\n<p>Os cursos foram escolhidos de acordo com a demanda do setor produtivo da regi\u00e3o, com o objetivo de facilitar a inser\u00e7\u00e3o dos estudantes no mercado de trabalho.<\/p>\n<p>A solenidade foi presidida pelo governador Ricardo Coutinho, que comentou ser esta a s\u00e9tima Escola T\u00e9cnica padronizada no Estado e ainda h\u00e1 cinco em constru\u00e7\u00e3o nas cidades de Guarabira, Patos, Itaporanga, Sousa e Serra Branca.<\/p>\n<div id=\"attachment_482660\" class=\"wp-caption aligncenter\">\n<p><img decoding=\"async\" class=\"wp-image-482660 size-full lazyload\" data-src=\"https:\/\/paraibaonline.com.br\/wp-content\/uploads\/2018\/08\/inauguracao-da-escola-tecnica-de-campina-grande_foto-jose-marques-3.jpg\" data-srcset=\"https:\/\/paraibaonline.com.br\/wp-content\/uploads\/2018\/08\/inauguracao-da-escola-tecnica-de-campina-grande_foto-jose-marques-3.jpg 800w, https:\/\/paraibaonline.com.br\/wp-content\/uploads\/2018\/08\/inauguracao-da-escola-tecnica-de-campina-grande_foto-jose-marques-3-556x417.jpg 556w\" alt=\"Foto: Secom\/PB\" src=\"data:image\/svg+xml;base64,PHN2ZyB3aWR0aD0iMSIgaGVpZ2h0PSIxIiB4bWxucz0iaHR0cDovL3d3dy53My5vcmcvMjAwMC9zdmciPjwvc3ZnPg==\" \/><\/p>\n<p class=\"wp-caption-text\">Foto: Secom\/PB<\/p>\n<\/div>\n<p>\u201cEsse tipo de escola traz ensino t\u00e9cnico e integral, com modelo pedag\u00f3gico diferenciado. Estas escolas dialogam com a realidade das regi\u00f5es e possibilitam, al\u00e9m de uma educa\u00e7\u00e3o com qualidade, mais oportunidades de emprego para os jovens\u201d, frisou.<\/p>\n<p>A Escola T\u00e9cnica Estadual de Campina Grande possui 12 salas de aula, biblioteca, banheiros, audit\u00f3rio com 201 lugares, quadra poliesportiva coberta com vesti\u00e1rios masculino e feminino, laborat\u00f3rios de inform\u00e1tica, l\u00ednguas, matem\u00e1tica, f\u00edsica, biologia e qu\u00edmica, sala t\u00e9cnica e outras depend\u00eancias.<\/p>\n<p>\u201c\u00c9 uma grande estrutura que oferece todas as condi\u00e7\u00f5es que os estudantes necessitam para ter um bom desempenho educacional. Enfim, \u00e9 um equipamento moderno e com qualidade\u201d, observou a diretora-superintendente de Obras do Plano de Desenvolvimento do Estado (Suplan), Simone Guimar\u00e3es.<\/p>\n<p>Entre os servi\u00e7os executados durante a obra, est\u00e3o: movimento de terra, terraplenagem, funda\u00e7\u00e3o\/superestrutura\/estrutura, paredes e pain\u00e9is, esquadrias com ferragens, cobertura, impermeabiliza\u00e7\u00e3o, revestimento, pisos, instala\u00e7\u00e3o el\u00e9trica e hidr\u00e1ulica, esta\u00e7\u00e3o de tratamento de esgoto, castelo d\u2019\u00e1gua, instala\u00e7\u00e3o de g\u00e1s, instala\u00e7\u00e3o de combate a inc\u00eandio, anfiteatro, irriga\u00e7\u00e3o, sistema de climatiza\u00e7\u00e3o, instala\u00e7\u00e3o telef\u00f4nica\/tv\/interfone\/inform\u00e1tica, paisagismo, pintura e outros.<\/p>\n<div id=\"attachment_482662\" class=\"wp-caption aligncenter\">\n<p><img decoding=\"async\" class=\"wp-image-482662 size-full lazyload\" data-src=\"https:\/\/paraibaonline.com.br\/wp-content\/uploads\/2018\/08\/inauguracao-da-escola-tecnica-de-campina-grande_foto-jose-marques-6.jpg\" data-srcset=\"https:\/\/paraibaonline.com.br\/wp-content\/uploads\/2018\/08\/inauguracao-da-escola-tecnica-de-campina-grande_foto-jose-marques-6.jpg 800w, https:\/\/paraibaonline.com.br\/wp-content\/uploads\/2018\/08\/inauguracao-da-escola-tecnica-de-campina-grande_foto-jose-marques-6-556x417.jpg 556w\" alt=\"Foto: Secom\/PB\" src=\"data:image\/svg+xml;base64,PHN2ZyB3aWR0aD0iMSIgaGVpZ2h0PSIxIiB4bWxucz0iaHR0cDovL3d3dy53My5vcmcvMjAwMC9zdmciPjwvc3ZnPg==\" \/><\/p>\n<p class=\"wp-caption-text\">Foto: Secom\/PB<\/p>\n<\/div>\n<p>A escola foi projetada obedecendo os padr\u00f5es ambientais, observando o conforto t\u00e9rmico, ac\u00fastico e visual de seus usu\u00e1rios.<\/p>\n<p>De acordo com o secret\u00e1rio da Educa\u00e7\u00e3o, Al\u00e9ssio Trindade, al\u00e9m do ensino tradicional, os estudantes ter\u00e3o na Escola T\u00e9cnica a oportunidade de criar empresas pedag\u00f3gicas e se formar\u00e3o em \u00e1reas escolhidas de acordo com o arranjo produtivo de Campina Grande.<\/p>\n<p>\u201cTudo foi pensado para que o aluno seja protagonista da sua trajet\u00f3ria e possa ter \u00e0 disposi\u00e7\u00e3o um ensino integral t\u00e9cnico da melhor qualidade\u201d, pontuou.<\/p>\n<p>\u201cA proposta da escola em tempo integral \u00e9 bastante atraente e vai nos proporcionar mais conhecimentos. Eu fa\u00e7o o 1\u00ba ano do curso de Programa\u00e7\u00e3o de Jogos Digitais e tenho expectativas muito positivas a respeito do campo de atua\u00e7\u00e3o nessa \u00e1rea\u201d, comentou o estudante Pedro Henrique.<\/p>\n<p>&nbsp;<\/p>\n<p>Fonte: Ascom PB\/Foto: Ascom PB<\/p>\n<p>Leia mais not\u00edcias em\u00a0<a href=\"http:\/\/www.caririemacao.com\/\">caririemacao.com<\/a>, siga nossa p\u00e1gina no\u00a0<a href=\"https:\/\/www.facebook.com\/CaririEmAcao\/?ref=aymt_homepage_panel\">Facebook<\/a>,\u00a0<a href=\"https:\/\/www.instagram.com\/cariri_em_acao\/?hl=pt-br\">Instagram<\/a>\u00a0e\u00a0<a href=\"https:\/\/www.youtube.com\/channel\/UCAptA0jQuYQy8vMhLt2m4qg\">Youtube<\/a>\u00a0e veja nossas mat\u00e9rias, v\u00eddeos e fotos. Voc\u00ea tamb\u00e9m pode enviar informa\u00e7\u00f5es \u00e0 Reda\u00e7\u00e3o do Portal Cariri em A\u00e7\u00e3o pelo WhatsApp (83) 9 9634.5791, (83) 9 9601-1162.<\/p>\n","protected":false},"excerpt":{"rendered":"<p>O Governo do Estado entregou, na manh\u00e3 desta quinta-feira (2), a Escola T\u00e9cnica professor Br\u00e1ulio Maia J\u00fanior, em Campina Grande, obra que representa quase R$&hellip; <\/p>\n","protected":false},"author":1,"featured_media":59524,"comment_status":"closed","ping_status":"closed","sticky":false,"template":"","format":"standard","meta":{"sfsi_plus_gutenberg_text_before_share":"","sfsi_plus_gutenberg_show_text_before_share":"","sfsi_plus_gutenberg_icon_type":"","sfsi_plus_gutenberg_icon_alignemt":"","sfsi_plus_gutenburg_max_per_row":"","footnotes":""},"categories":[14],"tags":[],"class_list":["post-59523","post","type-post","status-publish","format-standard","has-post-thumbnail","hentry","category-educacao"],"_links":{"self":[{"href":"https:\/\/www.caririemacao.com\/1\/wp-json\/wp\/v2\/posts\/59523","targetHints":{"allow":["GET"]}}],"collection":[{"href":"https:\/\/www.caririemacao.com\/1\/wp-json\/wp\/v2\/posts"}],"about":[{"href":"https:\/\/www.caririemacao.com\/1\/wp-json\/wp\/v2\/types\/post"}],"author":[{"embeddable":true,"href":"https:\/\/www.caririemacao.com\/1\/wp-json\/wp\/v2\/users\/1"}],"replies":[{"embeddable":true,"href":"https:\/\/www.caririemacao.com\/1\/wp-json\/wp\/v2\/comments?post=59523"}],"version-history":[{"count":3,"href":"https:\/\/www.caririemacao.com\/1\/wp-json\/wp\/v2\/posts\/59523\/revisions"}],"predecessor-version":[{"id":59527,"href":"https:\/\/www.caririemacao.com\/1\/wp-json\/wp\/v2\/posts\/59523\/revisions\/59527"}],"wp:featuredmedia":[{"embeddable":true,"href":"https:\/\/www.caririemacao.com\/1\/wp-json\/wp\/v2\/media\/59524"}],"wp:attachment":[{"href":"https:\/\/www.caririemacao.com\/1\/wp-json\/wp\/v2\/media?parent=59523"}],"wp:term":[{"taxonomy":"category","embeddable":true,"href":"https:\/\/www.caririemacao.com\/1\/wp-json\/wp\/v2\/categories?post=59523"},{"taxonomy":"post_tag","embeddable":true,"href":"https:\/\/www.caririemacao.com\/1\/wp-json\/wp\/v2\/tags?post=59523"}],"curies":[{"name":"wp","href":"https:\/\/api.w.org\/{rel}","templated":true}]}}