{"id":59530,"date":"2018-08-02T16:38:52","date_gmt":"2018-08-02T19:38:52","guid":{"rendered":"http:\/\/caririemacao.com\/1\/?p=59530"},"modified":"2018-08-02T16:38:52","modified_gmt":"2018-08-02T19:38:52","slug":"paraiba-tem-853-apenados-sem-documentacao-nos-presidios","status":"publish","type":"post","link":"https:\/\/www.caririemacao.com\/1\/2018\/08\/02\/paraiba-tem-853-apenados-sem-documentacao-nos-presidios\/","title":{"rendered":"Para\u00edba tem 853 apenados sem documenta\u00e7\u00e3o nos pres\u00eddios"},"content":{"rendered":"<p>A Para\u00edba tem 853 apenados sem documenta\u00e7\u00e3o nos pres\u00eddios, de acordo com dados da Defensoria P\u00fablica da Para\u00edba divulgados nesta quinta-feira (2). Com esta condi\u00e7\u00e3o, os apenados ficam impedido de regularizar sua vida conjugal, requerer o aux\u00edlio-reclus\u00e3o e deixam de gozar do direito de responder o processo em liberdade, por exemplo.<\/p>\n<p>O maior n\u00famero deles est\u00e1 na\u00a0Penitenci\u00e1ria Fl\u00f3sculo da N\u00f3brega, conhecido como pres\u00eddio do Roger, onde 473 pessoas cumprem pena sem documentos. S\u00f3 o \u2018Roger\u2019 concentra, portanto, 55% do total.<\/p>\n<p>O levantamento foi feito entre janeiro e junho deste ano durante o projeto itinerante Cidadania nos Estabelecimentos Penais. Para resolver o problema, uma parceria entre v\u00e1rios \u00f3rg\u00e3os com a Associa\u00e7\u00e3o dos Not\u00f3rios da Para\u00edba (Anoreg) vai viabilizar a retirada de documentos dos apenados.<\/p>\n<p>\u201cIniciaremos esse trabalho pelo pres\u00eddio feminino de Jo\u00e3o Pessoa e depois avan\u00e7aremos pelas demais penitenci\u00e1rias do Estado\u201d, explicou a gerente executiva da Execu\u00e7\u00e3o Penal e Acompanhamento de Penas Alternativas da DPPB, Waldelita Cunha.<\/p>\n<p>A a\u00e7\u00e3o \u00e9 parte de um Termo de Coopera\u00e7\u00e3o T\u00e9cnica firmado entre a Defensoria, a Anoreg, as secretarias estaduais da Administra\u00e7\u00e3o Penitenci\u00e1ria, Seguran\u00e7a e Defesa Social, Sa\u00fade e Desenvolvimento Humano, al\u00e9m do Instituto de Pol\u00edcia Cient\u00edfica (IPC).<\/p>\n<p><strong>Veja a distribui\u00e7\u00e3o de presos sem documentos por penitenci\u00e1ria<\/strong><\/p>\n<ul>\n<li>Penitenci\u00e1ria \u201cFl\u00f3sculo da N\u00f3brega\u201d (473)<\/li>\n<li>Penitenci\u00e1ria de Seguran\u00e7a M\u00e9dia \u201cJuiz Hitler Cantalice\u201d (24)<\/li>\n<li>Penitenci\u00e1ria de Seguran\u00e7a M\u00e1xima \u201cGeraldo Beltr\u00e3o\u201d (102)<\/li>\n<li>Penitenci\u00e1ria \u201cDes. Silvio Porto\u201d (48)<\/li>\n<li>Penitenci\u00e1ria \u201cDr. Romeu Gon\u00e7alves de Abrantes\u201d (133)<\/li>\n<li>Penitenci\u00e1ria Regional Especial \u201cDes. Francisco Esp\u00ednola\u201d (3)<\/li>\n<li>Instituto de Psiquiatria Forense (8)<\/li>\n<li>Penitenci\u00e1rias Femininas \u201cMaria J\u00falia Maranh\u00e3o\u201d (33)<\/li>\n<li>Campina Grande (12)<\/li>\n<li>Cajazeiras (14)<\/li>\n<li>Patos (3)<\/li>\n<\/ul>\n<p>Com Jornal da Para\u00ecba \/Foto: Reprodu\u00e7\u00e3o Internet<\/p>\n","protected":false},"excerpt":{"rendered":"<p>A Para\u00edba tem 853 apenados sem documenta\u00e7\u00e3o nos pres\u00eddios, de acordo com dados da Defensoria P\u00fablica da Para\u00edba divulgados nesta quinta-feira (2). Com esta condi\u00e7\u00e3o,&hellip; <\/p>\n","protected":false},"author":1,"featured_media":20744,"comment_status":"closed","ping_status":"closed","sticky":false,"template":"","format":"standard","meta":{"sfsi_plus_gutenberg_text_before_share":"","sfsi_plus_gutenberg_show_text_before_share":"","sfsi_plus_gutenberg_icon_type":"","sfsi_plus_gutenberg_icon_alignemt":"","sfsi_plus_gutenburg_max_per_row":"","footnotes":""},"categories":[12],"tags":[],"class_list":["post-59530","post","type-post","status-publish","format-standard","has-post-thumbnail","hentry","category-policia"],"_links":{"self":[{"href":"https:\/\/www.caririemacao.com\/1\/wp-json\/wp\/v2\/posts\/59530","targetHints":{"allow":["GET"]}}],"collection":[{"href":"https:\/\/www.caririemacao.com\/1\/wp-json\/wp\/v2\/posts"}],"about":[{"href":"https:\/\/www.caririemacao.com\/1\/wp-json\/wp\/v2\/types\/post"}],"author":[{"embeddable":true,"href":"https:\/\/www.caririemacao.com\/1\/wp-json\/wp\/v2\/users\/1"}],"replies":[{"embeddable":true,"href":"https:\/\/www.caririemacao.com\/1\/wp-json\/wp\/v2\/comments?post=59530"}],"version-history":[{"count":1,"href":"https:\/\/www.caririemacao.com\/1\/wp-json\/wp\/v2\/posts\/59530\/revisions"}],"predecessor-version":[{"id":59531,"href":"https:\/\/www.caririemacao.com\/1\/wp-json\/wp\/v2\/posts\/59530\/revisions\/59531"}],"wp:featuredmedia":[{"embeddable":true,"href":"https:\/\/www.caririemacao.com\/1\/wp-json\/wp\/v2\/media\/20744"}],"wp:attachment":[{"href":"https:\/\/www.caririemacao.com\/1\/wp-json\/wp\/v2\/media?parent=59530"}],"wp:term":[{"taxonomy":"category","embeddable":true,"href":"https:\/\/www.caririemacao.com\/1\/wp-json\/wp\/v2\/categories?post=59530"},{"taxonomy":"post_tag","embeddable":true,"href":"https:\/\/www.caririemacao.com\/1\/wp-json\/wp\/v2\/tags?post=59530"}],"curies":[{"name":"wp","href":"https:\/\/api.w.org\/{rel}","templated":true}]}}