{"id":59536,"date":"2018-08-02T16:45:44","date_gmt":"2018-08-02T19:45:44","guid":{"rendered":"http:\/\/caririemacao.com\/1\/?p=59536"},"modified":"2018-08-02T16:45:44","modified_gmt":"2018-08-02T19:45:44","slug":"mdb-oficializa-candidatura-de-meirelles-a-presidencia-da-republica","status":"publish","type":"post","link":"https:\/\/www.caririemacao.com\/1\/2018\/08\/02\/mdb-oficializa-candidatura-de-meirelles-a-presidencia-da-republica\/","title":{"rendered":"MDB oficializa candidatura de Meirelles \u00e0 Presid\u00eancia da Rep\u00fablica"},"content":{"rendered":"<p>Dos 419 delegados do MDB que compareceram \u00e0 conven\u00e7\u00e3o nacional do partido, 85% votaram pela oficializa\u00e7\u00e3o da candidatura do ex-ministro da Fazenda Henrique Meirelles como o nome do partido para disputar a Presid\u00eancia da Rep\u00fablica.<\/p>\n<p>A conven\u00e7\u00e3o nacional da sigla \u00e9 realizada em Bras\u00edlia nesta quinta-feira, 2, com uma plateia majoritariamente formada por integrantes do partido, j\u00e1 que Meirelles n\u00e3o conseguiu aglutinar nenhum apoio de outras legendas ao seu nome. Assim, ele dever\u00e1 disputar o pleito eleitoral com uma chapa puro-sangue.<\/p>\n<p>A senadora Marta Suplicy (SP) \u00e9 um dos nomes cotados para ser vice na chapa. Ex-petista, ela ainda n\u00e3o tomou uma decis\u00e3o sobre seu futuro pol\u00edtico e n\u00e3o compareceu \u00e0 conven\u00e7\u00e3o.<\/p>\n<p>Integrante do governo do ex-presidente Luiz In\u00e1cio Lula da Silva, Meirelles tentar\u00e1 associar sua imagem \u00e0 do petista, condenado e preso na opera\u00e7\u00e3o Lava Jato, mas primeiro colocado nas pesquisas de inten\u00e7\u00e3o de votos. Ao mesmo tempo, Meirelles quer dissociar seu nome do presidente Michel Temer, que enfrenta rejei\u00e7\u00e3o de cerca de 82% da popula\u00e7\u00e3o.<\/p>\n<p>Estacionado em 1% das inten\u00e7\u00f5es de voto, Meirelles est\u00e1 \u00e0 procura de uma mulher para compor a chapa. A campanha avalia que Marta, ex-prefeita de S\u00e3o Paulo pelo PT, ajudaria o ex-ministro a crescer em pouco tempo para cerca de 5% dos votos.<\/p>\n<p>Durante a conven\u00e7\u00e3o, poucos emedebistas se dispuseram a subir no palco para declarar apoio a Meirelles. Um de seus principais opositores internamente, o senador Renan Calheiros (AL) havia indicado a inten\u00e7\u00e3o de se pronunciar contra a candidatura, mas acabou desistindo. &#8220;N\u00e3o tem nem lugar na mesa para mim&#8221;, reclamou.<\/p>\n<p>Com Jornal do Brasil\/Foto: Reprodu\u00e7\u00e3o Internet<\/p>\n","protected":false},"excerpt":{"rendered":"<p>Dos 419 delegados do MDB que compareceram \u00e0 conven\u00e7\u00e3o nacional do partido, 85% votaram pela oficializa\u00e7\u00e3o da candidatura do ex-ministro da Fazenda Henrique Meirelles como&hellip; <\/p>\n","protected":false},"author":1,"featured_media":59537,"comment_status":"closed","ping_status":"closed","sticky":false,"template":"","format":"standard","meta":{"sfsi_plus_gutenberg_text_before_share":"","sfsi_plus_gutenberg_show_text_before_share":"","sfsi_plus_gutenberg_icon_type":"","sfsi_plus_gutenberg_icon_alignemt":"","sfsi_plus_gutenburg_max_per_row":"","footnotes":""},"categories":[1],"tags":[],"class_list":["post-59536","post","type-post","status-publish","format-standard","has-post-thumbnail","hentry","category-o-site"],"_links":{"self":[{"href":"https:\/\/www.caririemacao.com\/1\/wp-json\/wp\/v2\/posts\/59536","targetHints":{"allow":["GET"]}}],"collection":[{"href":"https:\/\/www.caririemacao.com\/1\/wp-json\/wp\/v2\/posts"}],"about":[{"href":"https:\/\/www.caririemacao.com\/1\/wp-json\/wp\/v2\/types\/post"}],"author":[{"embeddable":true,"href":"https:\/\/www.caririemacao.com\/1\/wp-json\/wp\/v2\/users\/1"}],"replies":[{"embeddable":true,"href":"https:\/\/www.caririemacao.com\/1\/wp-json\/wp\/v2\/comments?post=59536"}],"version-history":[{"count":1,"href":"https:\/\/www.caririemacao.com\/1\/wp-json\/wp\/v2\/posts\/59536\/revisions"}],"predecessor-version":[{"id":59538,"href":"https:\/\/www.caririemacao.com\/1\/wp-json\/wp\/v2\/posts\/59536\/revisions\/59538"}],"wp:featuredmedia":[{"embeddable":true,"href":"https:\/\/www.caririemacao.com\/1\/wp-json\/wp\/v2\/media\/59537"}],"wp:attachment":[{"href":"https:\/\/www.caririemacao.com\/1\/wp-json\/wp\/v2\/media?parent=59536"}],"wp:term":[{"taxonomy":"category","embeddable":true,"href":"https:\/\/www.caririemacao.com\/1\/wp-json\/wp\/v2\/categories?post=59536"},{"taxonomy":"post_tag","embeddable":true,"href":"https:\/\/www.caririemacao.com\/1\/wp-json\/wp\/v2\/tags?post=59536"}],"curies":[{"name":"wp","href":"https:\/\/api.w.org\/{rel}","templated":true}]}}