{"id":59543,"date":"2018-08-02T17:00:19","date_gmt":"2018-08-02T20:00:19","guid":{"rendered":"http:\/\/caririemacao.com\/1\/?p=59543"},"modified":"2018-08-02T17:00:19","modified_gmt":"2018-08-02T20:00:19","slug":"adolescente-conta-que-foi-estuprada-por-dois-homens-a-caminho-da-escola","status":"publish","type":"post","link":"https:\/\/www.caririemacao.com\/1\/2018\/08\/02\/adolescente-conta-que-foi-estuprada-por-dois-homens-a-caminho-da-escola\/","title":{"rendered":"Adolescente conta que foi estuprada por dois homens a caminho da escola"},"content":{"rendered":"<figure><a href=\"https:\/\/s3.portalt5.com.br\/imagens\/arlinda-marques.JPG?mtime=20180216063110\" data-fancybox=\"images\"><img decoding=\"async\" class=\"lazy-img lazyload\" data-src=\"https:\/\/imgcdn.portalt5.com.br\/XxCpTtIq8zjQPcPfl8MCCtFc4OE=\/400x266\/smart\/filters:strip_icc()\/s3.portalt5.com.br\/imagens\/arlinda-marques.JPG\" alt=\"\" data-original=\"https:\/\/imgcdn.portalt5.com.br\/XxCpTtIq8zjQPcPfl8MCCtFc4OE=\/400x266\/smart\/filters:strip_icc()\/s3.portalt5.com.br\/imagens\/arlinda-marques.JPG\" src=\"data:image\/svg+xml;base64,PHN2ZyB3aWR0aD0iMSIgaGVpZ2h0PSIxIiB4bWxucz0iaHR0cDovL3d3dy53My5vcmcvMjAwMC9zdmciPjwvc3ZnPg==\" \/><\/a><\/figure>\n<p>Uma adolescente de 15 anos contou que foi estuprada por dois homens por mais de cinco horas. O fato, conforme a v\u00edtima, aconteceu no bairro do Geisel, Zona Sul de Jo\u00e3o Pessoa. A jovem teria sido abordada pelos suspeitos por volta das 7h30 quando seguia para a escola.<\/p>\n<p>Ela contou que os homens a colocaram em um carro e a levaram para um matagal na mesma regi\u00e3o. A menina s\u00f3 teria sido liberada por volta do meio-dia. Depois de contar o que houve aos familiares, a v\u00edtima foi levada para o Hospital Arlinda Marques, onde permanece internada.<\/p>\n<p>O caso est\u00e1 sendo investigado pela delegada Joana D\u2019Arc. \u201cAinda n\u00e3o tomei o depoimento da adolescente, pois ela est\u00e1 internada. No entanto, ela informou o local para onde foi levada e os policiais foram at\u00e9 l\u00e1, mas ainda n\u00e3o conseguiram identificar nada que ajude na investiga\u00e7\u00e3o\u201d, explicou.<\/p>\n<p>&nbsp;<\/p>\n<p>Com Portal T5\/Foto: Reprodu\u00e7\u00e3o<\/p>\n<p>&nbsp;<\/p>\n<p>Cariri em A\u00e7\u00e3o<br \/>\nLeia mais not\u00edcias em\u00a0<a href=\"http:\/\/www.caririemacao.com\/\">caririemacao.com<\/a>, siga nossa p\u00e1gina no\u00a0<a href=\"https:\/\/www.facebook.com\/CaririEmAcao\/?ref=aymt_homepage_panel\">Facebook<\/a>,\u00a0<a href=\"https:\/\/www.instagram.com\/cariri_em_acao\/?hl=pt-br\">Instagram<\/a>\u00a0e\u00a0<a href=\"https:\/\/www.youtube.com\/channel\/UCAptA0jQuYQy8vMhLt2m4qg\">Youtube<\/a>\u00a0e veja nossas mat\u00e9rias, v\u00eddeos e fotos. Voc\u00ea tamb\u00e9m pode enviar informa\u00e7\u00f5es \u00e0 Reda\u00e7\u00e3o do Portal Cariri em A\u00e7\u00e3o pelo WhatsApp (83) 9 9634.5791, (83) 9 9601-1162.<\/p>\n","protected":false},"excerpt":{"rendered":"<p>Uma adolescente de 15 anos contou que foi estuprada por dois homens por mais de cinco horas. O fato, conforme a v\u00edtima, aconteceu no bairro&hellip; <\/p>\n","protected":false},"author":1,"featured_media":59544,"comment_status":"closed","ping_status":"closed","sticky":false,"template":"","format":"standard","meta":{"sfsi_plus_gutenberg_text_before_share":"","sfsi_plus_gutenberg_show_text_before_share":"","sfsi_plus_gutenberg_icon_type":"","sfsi_plus_gutenberg_icon_alignemt":"","sfsi_plus_gutenburg_max_per_row":"","footnotes":""},"categories":[12],"tags":[],"class_list":["post-59543","post","type-post","status-publish","format-standard","has-post-thumbnail","hentry","category-policia"],"_links":{"self":[{"href":"https:\/\/www.caririemacao.com\/1\/wp-json\/wp\/v2\/posts\/59543","targetHints":{"allow":["GET"]}}],"collection":[{"href":"https:\/\/www.caririemacao.com\/1\/wp-json\/wp\/v2\/posts"}],"about":[{"href":"https:\/\/www.caririemacao.com\/1\/wp-json\/wp\/v2\/types\/post"}],"author":[{"embeddable":true,"href":"https:\/\/www.caririemacao.com\/1\/wp-json\/wp\/v2\/users\/1"}],"replies":[{"embeddable":true,"href":"https:\/\/www.caririemacao.com\/1\/wp-json\/wp\/v2\/comments?post=59543"}],"version-history":[{"count":1,"href":"https:\/\/www.caririemacao.com\/1\/wp-json\/wp\/v2\/posts\/59543\/revisions"}],"predecessor-version":[{"id":59545,"href":"https:\/\/www.caririemacao.com\/1\/wp-json\/wp\/v2\/posts\/59543\/revisions\/59545"}],"wp:featuredmedia":[{"embeddable":true,"href":"https:\/\/www.caririemacao.com\/1\/wp-json\/wp\/v2\/media\/59544"}],"wp:attachment":[{"href":"https:\/\/www.caririemacao.com\/1\/wp-json\/wp\/v2\/media?parent=59543"}],"wp:term":[{"taxonomy":"category","embeddable":true,"href":"https:\/\/www.caririemacao.com\/1\/wp-json\/wp\/v2\/categories?post=59543"},{"taxonomy":"post_tag","embeddable":true,"href":"https:\/\/www.caririemacao.com\/1\/wp-json\/wp\/v2\/tags?post=59543"}],"curies":[{"name":"wp","href":"https:\/\/api.w.org\/{rel}","templated":true}]}}