{"id":59547,"date":"2018-08-02T17:18:42","date_gmt":"2018-08-02T20:18:42","guid":{"rendered":"http:\/\/caririemacao.com\/1\/?p=59547"},"modified":"2018-08-02T17:18:42","modified_gmt":"2018-08-02T20:18:42","slug":"investigacao-sobre-lindbergh-e-enviada-a-1a-instancia","status":"publish","type":"post","link":"https:\/\/www.caririemacao.com\/1\/2018\/08\/02\/investigacao-sobre-lindbergh-e-enviada-a-1a-instancia\/","title":{"rendered":"Investiga\u00e7\u00e3o sobre Lindbergh \u00e9 enviada \u00e0 1\u00aa inst\u00e2ncia"},"content":{"rendered":"<p>O ministro Edson Fachin, relator dos processos da Opera\u00e7\u00e3o Lava Jato no Supremo Tribunal Federal (STF), decidiu nesta quinta-feira (2) enviar para a primeira inst\u00e2ncia do Rio de Janeiro um inqu\u00e9rito que investiga o senador Lindbergh Farias (PT-RJ) com base na dela\u00e7\u00e3o da Odebrecht.<\/p>\n<p>A decis\u00e3o segue o entendimento da Corte que restringiu o foro privilegiado a casos envolvendo crimes cometidos durante o mandato e em raz\u00e3o do cargo ocupado.<\/p>\n<p>O inqu\u00e9rito apura supostos pagamentos n\u00e3o contabilizados, o chamado caixa 2, para a campanha eleitoral de Lindbergh nos anos de 2008 e 2010. As investiga\u00e7\u00f5es se referem ao per\u00edodo em que ele era prefeito da cidade de Nova Igua\u00e7u (RJ).<\/p>\n<p>Os repasses, de R$ 2 milh\u00f5es e de R$ 2,5 milh\u00f5es, teriam sido feitos pela empreiteira em troca de facilidades em contratos administrativos do programa Pr\u00f3-Moradia. O senador nega as irregularidades.<\/p>\n<p>Em sua decis\u00e3o, Fachin afirma que os fatos teriam ocorrido quando Lindbergh era prefeito, portanto, \u201cn\u00e3o se enquadram os requisitos de fixa\u00e7\u00e3o da compet\u00eancia deste Supremo Tribunal Federal para processo e julgamento de parlamentares\u201d.<\/p>\n<p>O inqu\u00e9rito deve ser encaminhado \u00e0 Justi\u00e7a Federal de Nova Igua\u00e7u.<\/p>\n<p>&nbsp;<\/p>\n<p>Fonte: Resulmo Para\u00edba\/Foto: Reprodu\u00e7\u00e3o Internet<\/p>\n<p>Leia mais not\u00edcias em\u00a0<a href=\"http:\/\/www.caririemacao.com\/\">caririemacao.com<\/a>, siga nossa p\u00e1gina no\u00a0<a href=\"https:\/\/www.facebook.com\/CaririEmAcao\/?ref=aymt_homepage_panel\">Facebook<\/a>,\u00a0<a href=\"https:\/\/www.instagram.com\/cariri_em_acao\/?hl=pt-br\">Instagram<\/a>\u00a0e\u00a0<a href=\"https:\/\/www.youtube.com\/channel\/UCAptA0jQuYQy8vMhLt2m4qg\">Youtube<\/a>\u00a0e veja nossas mat\u00e9rias, v\u00eddeos e fotos. Voc\u00ea tamb\u00e9m pode enviar informa\u00e7\u00f5es \u00e0 Reda\u00e7\u00e3o do Portal Cariri em A\u00e7\u00e3o pelo WhatsApp (83) 9 9634.5791, (83) 9 9601-1162.<\/p>\n","protected":false},"excerpt":{"rendered":"<p>O ministro Edson Fachin, relator dos processos da Opera\u00e7\u00e3o Lava Jato no Supremo Tribunal Federal (STF), decidiu nesta quinta-feira (2) enviar para a primeira inst\u00e2ncia&hellip; <\/p>\n","protected":false},"author":1,"featured_media":59548,"comment_status":"closed","ping_status":"closed","sticky":false,"template":"","format":"standard","meta":{"sfsi_plus_gutenberg_text_before_share":"","sfsi_plus_gutenberg_show_text_before_share":"","sfsi_plus_gutenberg_icon_type":"","sfsi_plus_gutenberg_icon_alignemt":"","sfsi_plus_gutenburg_max_per_row":"","footnotes":""},"categories":[11],"tags":[],"class_list":["post-59547","post","type-post","status-publish","format-standard","has-post-thumbnail","hentry","category-politica"],"_links":{"self":[{"href":"https:\/\/www.caririemacao.com\/1\/wp-json\/wp\/v2\/posts\/59547","targetHints":{"allow":["GET"]}}],"collection":[{"href":"https:\/\/www.caririemacao.com\/1\/wp-json\/wp\/v2\/posts"}],"about":[{"href":"https:\/\/www.caririemacao.com\/1\/wp-json\/wp\/v2\/types\/post"}],"author":[{"embeddable":true,"href":"https:\/\/www.caririemacao.com\/1\/wp-json\/wp\/v2\/users\/1"}],"replies":[{"embeddable":true,"href":"https:\/\/www.caririemacao.com\/1\/wp-json\/wp\/v2\/comments?post=59547"}],"version-history":[{"count":1,"href":"https:\/\/www.caririemacao.com\/1\/wp-json\/wp\/v2\/posts\/59547\/revisions"}],"predecessor-version":[{"id":59549,"href":"https:\/\/www.caririemacao.com\/1\/wp-json\/wp\/v2\/posts\/59547\/revisions\/59549"}],"wp:featuredmedia":[{"embeddable":true,"href":"https:\/\/www.caririemacao.com\/1\/wp-json\/wp\/v2\/media\/59548"}],"wp:attachment":[{"href":"https:\/\/www.caririemacao.com\/1\/wp-json\/wp\/v2\/media?parent=59547"}],"wp:term":[{"taxonomy":"category","embeddable":true,"href":"https:\/\/www.caririemacao.com\/1\/wp-json\/wp\/v2\/categories?post=59547"},{"taxonomy":"post_tag","embeddable":true,"href":"https:\/\/www.caririemacao.com\/1\/wp-json\/wp\/v2\/tags?post=59547"}],"curies":[{"name":"wp","href":"https:\/\/api.w.org\/{rel}","templated":true}]}}