{"id":59550,"date":"2018-08-02T17:25:58","date_gmt":"2018-08-02T20:25:58","guid":{"rendered":"http:\/\/caririemacao.com\/1\/?p=59550"},"modified":"2018-08-02T17:25:58","modified_gmt":"2018-08-02T20:25:58","slug":"inss-cobra-de-volta-valores-pagos-na-desaposentacao","status":"publish","type":"post","link":"https:\/\/www.caririemacao.com\/1\/2018\/08\/02\/inss-cobra-de-volta-valores-pagos-na-desaposentacao\/","title":{"rendered":"INSS cobra de volta valores pagos na desaposenta\u00e7\u00e3o"},"content":{"rendered":"<p>Os aposentados que conseguiram aumentos provis\u00f3rios no benef\u00edcio por meio de a\u00e7\u00f5es judiciais de desaposenta\u00e7\u00e3o est\u00e3o sendo cobrados pelo INSS a devolver os valores recebidos. Advogados orientam os segurados a recorrerem \u00e0 Justi\u00e7a.<\/p>\n<p>A cobran\u00e7a foi confirmada pelo INSS, que atestou a autenticidade de uma carta envida no final do ano passado a um segurado de Minas Gerais. O \u00f3rg\u00e3o n\u00e3o informou quantos benefici\u00e1rios ter\u00e3o de devolver valores.<\/p>\n<p>No aviso enviado ao segurado, o instituto o intima a fazer o pagamento em at\u00e9 60 dias. O descumprimento implica descontos de at\u00e9 30% na renda mensal.<\/p>\n<p>No caso enviado pela reportagem ao instituto, o aposentado recebeu aproximadamente R$ 30 mil a mais com a desaposenta\u00e7\u00e3o entre os anos de 2011 e 2017.<\/p>\n<p>A base legal para a cobran\u00e7a \u00e9 a decis\u00e3o do STF (Supremo Tribunal Federal) que, em outubro de 2016, invalidou a troca de aposentadoria.<\/p>\n<div id=\"attachment_481016\" class=\"wp-caption aligncenter\"><img decoding=\"async\" class=\"wp-image-481016 size-full lazyload\" data-src=\"https:\/\/paraibaonline.com.br\/wp-content\/uploads\/2018\/07\/INSS.jpg\" data-srcset=\"https:\/\/paraibaonline.com.br\/wp-content\/uploads\/2018\/07\/INSS.jpg 800w, https:\/\/paraibaonline.com.br\/wp-content\/uploads\/2018\/07\/INSS-567x378.jpg 567w\" alt=\"Foto: ascom\" src=\"data:image\/svg+xml;base64,PHN2ZyB3aWR0aD0iMSIgaGVpZ2h0PSIxIiB4bWxucz0iaHR0cDovL3d3dy53My5vcmcvMjAwMC9zdmciPjwvc3ZnPg==\" \/><\/p>\n<p class=\"wp-caption-text\">Foto: ascom<\/p>\n<\/div>\n<p>Podem ser alvos dos descontos segurados que tiveram as chamadas antecipa\u00e7\u00f5es de tutela, ou seja, o adiantamento do aumento do benef\u00edcio antes da conclus\u00e3o do processo.<\/p>\n<p>O advogado Roberto de Carvalho Santos discorda do procedimento, pois considera que a discuss\u00e3o no Supremo n\u00e3o est\u00e1 encerrada. Neste momento, a corte ainda julga os chamados embargos de declara\u00e7\u00e3o, utilizados para esclarecer a decis\u00e3o.<\/p>\n<p>\u201cO correto seria o INSS aguardar esse pronunciamento em respeito da seguran\u00e7a jur\u00eddica\u201d, comenta.<\/p>\n<p>\u201cEntretanto, tecnicamente existem posicionamentos [na Justi\u00e7a] de que a cobran\u00e7a pode ser feita pelo INSS, caso n\u00e3o haja uma medida judicial que suspenda eventual cobran\u00e7a\u201d, diz Santos.<\/p>\n<p>INSS<br \/>\nO INSS informou que as cobran\u00e7as da desaposenta\u00e7\u00e3o atendem a recomenda\u00e7\u00f5es da Procuradoria-Geral Federal. A autarquia explicou que a devolu\u00e7\u00e3o \u00e9 exigida nos casos em que a decis\u00e3o provis\u00f3ria \u00e9 revogada pela Justi\u00e7a, na pr\u00f3pria a\u00e7\u00e3o.<\/p>\n<p>Nesses casos, se n\u00e3o houver o pagamento judicial, a Procuradoria encaminha a decis\u00e3o da Justi\u00e7a ao INSS, que, ent\u00e3o, realiza a cobran\u00e7a administrativa.<\/p>\n<p>&nbsp;<\/p>\n<ul>\n<li>Fonte: Para\u00edba Online\/ Fonte: Reprodu\u00e7\u00e3o da Internet<\/li>\n<\/ul>\n<p>&nbsp;<\/p>\n<p>Cariri em A\u00e7\u00e3o<br \/>\nLeia mais not\u00edcias em\u00a0<a href=\"http:\/\/www.caririemacao.com\/\">caririemacao.com<\/a>, siga nossa p\u00e1gina no\u00a0<a href=\"https:\/\/www.facebook.com\/CaririEmAcao\/?ref=aymt_homepage_panel\">Facebook<\/a>,\u00a0<a href=\"https:\/\/www.instagram.com\/cariri_em_acao\/?hl=pt-br\">Instagram<\/a>\u00a0e\u00a0<a href=\"https:\/\/www.youtube.com\/channel\/UCAptA0jQuYQy8vMhLt2m4qg\">Youtube<\/a>\u00a0e veja nossas mat\u00e9rias, v\u00eddeos e fotos. Voc\u00ea tamb\u00e9m pode enviar informa\u00e7\u00f5es \u00e0 Reda\u00e7\u00e3o do Portal Cariri em A\u00e7\u00e3o pelo WhatsApp (83) 9 9634.5791, (83) 9 9601-1162.<\/p>\n","protected":false},"excerpt":{"rendered":"<p>Os aposentados que conseguiram aumentos provis\u00f3rios no benef\u00edcio por meio de a\u00e7\u00f5es judiciais de desaposenta\u00e7\u00e3o est\u00e3o sendo cobrados pelo INSS a devolver os valores recebidos.&hellip; <\/p>\n","protected":false},"author":1,"featured_media":25319,"comment_status":"closed","ping_status":"closed","sticky":false,"template":"","format":"standard","meta":{"sfsi_plus_gutenberg_text_before_share":"","sfsi_plus_gutenberg_show_text_before_share":"","sfsi_plus_gutenberg_icon_type":"","sfsi_plus_gutenberg_icon_alignemt":"","sfsi_plus_gutenburg_max_per_row":"","footnotes":""},"categories":[2],"tags":[],"class_list":["post-59550","post","type-post","status-publish","format-standard","has-post-thumbnail","hentry","category-geral"],"_links":{"self":[{"href":"https:\/\/www.caririemacao.com\/1\/wp-json\/wp\/v2\/posts\/59550","targetHints":{"allow":["GET"]}}],"collection":[{"href":"https:\/\/www.caririemacao.com\/1\/wp-json\/wp\/v2\/posts"}],"about":[{"href":"https:\/\/www.caririemacao.com\/1\/wp-json\/wp\/v2\/types\/post"}],"author":[{"embeddable":true,"href":"https:\/\/www.caririemacao.com\/1\/wp-json\/wp\/v2\/users\/1"}],"replies":[{"embeddable":true,"href":"https:\/\/www.caririemacao.com\/1\/wp-json\/wp\/v2\/comments?post=59550"}],"version-history":[{"count":1,"href":"https:\/\/www.caririemacao.com\/1\/wp-json\/wp\/v2\/posts\/59550\/revisions"}],"predecessor-version":[{"id":59551,"href":"https:\/\/www.caririemacao.com\/1\/wp-json\/wp\/v2\/posts\/59550\/revisions\/59551"}],"wp:featuredmedia":[{"embeddable":true,"href":"https:\/\/www.caririemacao.com\/1\/wp-json\/wp\/v2\/media\/25319"}],"wp:attachment":[{"href":"https:\/\/www.caririemacao.com\/1\/wp-json\/wp\/v2\/media?parent=59550"}],"wp:term":[{"taxonomy":"category","embeddable":true,"href":"https:\/\/www.caririemacao.com\/1\/wp-json\/wp\/v2\/categories?post=59550"},{"taxonomy":"post_tag","embeddable":true,"href":"https:\/\/www.caririemacao.com\/1\/wp-json\/wp\/v2\/tags?post=59550"}],"curies":[{"name":"wp","href":"https:\/\/api.w.org\/{rel}","templated":true}]}}