{"id":59561,"date":"2018-08-02T21:36:14","date_gmt":"2018-08-03T00:36:14","guid":{"rendered":"http:\/\/caririemacao.com\/1\/?p=59561"},"modified":"2018-08-02T21:36:14","modified_gmt":"2018-08-03T00:36:14","slug":"prefeitura-de-sume-prorroga-inscricoes-do-processo-seletivo-simplificado-para-contratacao-de-professores","status":"publish","type":"post","link":"https:\/\/www.caririemacao.com\/1\/2018\/08\/02\/prefeitura-de-sume-prorroga-inscricoes-do-processo-seletivo-simplificado-para-contratacao-de-professores\/","title":{"rendered":"Prefeitura de Sum\u00e9 prorroga inscri\u00e7\u00f5es do Processo Seletivo Simplificado para contrata\u00e7\u00e3o de professores"},"content":{"rendered":"<p>A Prefeitura Municipal de Sum\u00e9 por meio de sua Secretaria Municipal da Educa\u00e7\u00e3o e Secretaria Municipal da Administra\u00e7\u00e3o, torna p\u00fablico o edital 02\/2018, de prorroga\u00e7\u00e3o das inscri\u00e7\u00f5es do Processo Seletivo Simplificado com vistas \u00e0 sele\u00e7\u00e3o de 03 (tr\u00eas) Professores de Ensino Fundamental II \u00a0e cadastro de reserva, para contrata\u00e7\u00e3o por tempo determinado, em car\u00e1ter excepcional de interesse p\u00fablico a fim de prestar servi\u00e7o nas \u00a0Escolas UMEF Padre Paulo Roberto de Oliveira e Escola Agrot\u00e9cnica Deputado Evaldo Gon\u00e7alves de Queiroz.<\/p>\n<p>O Processo Seletivo P\u00fablico ser\u00e1 realizado sob a responsabilidade da Prefeitura Municipal, e Secretaria da Educa\u00e7\u00e3o de Sum\u00e9-Para\u00edba, sendo a respons\u00e1vel t\u00e9cnica e operacional pelo desenvolvimento em duas etapas relativas ao presente Processo Seletivo constando de an\u00e1lise de curr\u00edculo e entrevista, acompanhada e fiscalizada pela Comiss\u00e3o de Fiscaliza\u00e7\u00e3o e Acompanhamento do Processo Seletivo P\u00fablico.<\/p>\n<p>A inscri\u00e7\u00e3o do candidato se far\u00e1 mediante entrega de curr\u00edculo acompanhado da documenta\u00e7\u00e3o comprobat\u00f3ria, que ser\u00e1 devidamente autenticada pela comiss\u00e3o ou representante da administra\u00e7\u00e3o designado \u201cconfere com original\u201d, e implicar\u00e1 no conhecimento e a t\u00e1cita aceita\u00e7\u00e3o das normas e condi\u00e7\u00f5es estabelecidas neste Edital, em rela\u00e7\u00e3o \u00e0s quais n\u00e3o poder\u00e1 alegar desconhecimento. Ap\u00f3s isso, a documenta\u00e7\u00e3o ser\u00e1 novamente conferida, inserida no envelope e lacrado pelo candidato.<\/p>\n<p>A an\u00e1lise dos curr\u00edculos ser\u00e1 feita pela Comiss\u00e3o de Fiscaliza\u00e7\u00e3o e Acompanhamento do Processo Seletivo Simplificado P\u00fablico, sendo todas as informa\u00e7\u00f5es, divulgadas no site oficial do munic\u00edpio (www.sume.pb.gov.br).<\/p>\n<p>A entrega dos curr\u00edculos em envelope, ocorrer\u00e1 exclusivamente na Secretaria da Educa\u00e7\u00e3o, localizada na Avenida 1\u00ba de Abril, 444, Centro, Sum\u00e9, Para\u00edba, pessoalmente, devidamente identificado, nos seguintes dias e hor\u00e1rio:<\/p>\n<p>Per\u00edodo de inscri\u00e7\u00e3o: 31\/07\/2018 a 03\/08\/2018<\/p>\n<p>Hor\u00e1rio: 08h00 (oito horas) as 14h00 (quatorze horas).<\/p>\n<p>CONFIRA O EDITAL:\u00a0<a href=\"http:\/\/sume.tempsite.ws\/transparencia\/vfm-admin\/vfm-downloader.php?q=dXBsb2Fkcy9CT0xFVElNLU9GSUNJQUwvMjAxOC9FREklQzMlODclQzMlODNPLS0tMDEtREUtQUdPU1RPLTIwMTgucGRm&amp;h=59dbb899b4e6791352eaf6a9bcebad46\">CLICK AQUI<\/a><\/p>\n<p>&nbsp;<\/p>\n<p>Ascom\/PMS<\/p>\n<p>&nbsp;<\/p>\n<p>Leia mais not\u00edcias em\u00a0<a href=\"http:\/\/www.caririemacao.com\/\">caririemacao.com<\/a>, siga nossa p\u00e1gina no\u00a0<a href=\"https:\/\/www.facebook.com\/CaririEmAcao\/?ref=aymt_homepage_panel\">Facebook<\/a>,\u00a0<a href=\"https:\/\/www.instagram.com\/cariri_em_acao\/?hl=pt-br\">Instagram<\/a>\u00a0e\u00a0<a href=\"https:\/\/www.youtube.com\/channel\/UCAptA0jQuYQy8vMhLt2m4qg\">Youtube<\/a>\u00a0e veja nossas mat\u00e9rias, v\u00eddeos e fotos. Voc\u00ea tamb\u00e9m pode enviar informa\u00e7\u00f5es \u00e0 Reda\u00e7\u00e3o do Portal Cariri em A\u00e7\u00e3o pelo WhatsApp (83) 9 9634.5791, (83) 9 9601-1162.<\/p>\n<p>&nbsp;<\/p>\n<p>&nbsp;<\/p>\n","protected":false},"excerpt":{"rendered":"<p>A Prefeitura Municipal de Sum\u00e9 por meio de sua Secretaria Municipal da Educa\u00e7\u00e3o e Secretaria Municipal da Administra\u00e7\u00e3o, torna p\u00fablico o edital 02\/2018, de prorroga\u00e7\u00e3o&hellip; <\/p>\n","protected":false},"author":1,"featured_media":45349,"comment_status":"closed","ping_status":"closed","sticky":false,"template":"","format":"standard","meta":{"sfsi_plus_gutenberg_text_before_share":"","sfsi_plus_gutenberg_show_text_before_share":"","sfsi_plus_gutenberg_icon_type":"","sfsi_plus_gutenberg_icon_alignemt":"","sfsi_plus_gutenburg_max_per_row":"","footnotes":""},"categories":[14],"tags":[],"class_list":["post-59561","post","type-post","status-publish","format-standard","has-post-thumbnail","hentry","category-educacao"],"_links":{"self":[{"href":"https:\/\/www.caririemacao.com\/1\/wp-json\/wp\/v2\/posts\/59561","targetHints":{"allow":["GET"]}}],"collection":[{"href":"https:\/\/www.caririemacao.com\/1\/wp-json\/wp\/v2\/posts"}],"about":[{"href":"https:\/\/www.caririemacao.com\/1\/wp-json\/wp\/v2\/types\/post"}],"author":[{"embeddable":true,"href":"https:\/\/www.caririemacao.com\/1\/wp-json\/wp\/v2\/users\/1"}],"replies":[{"embeddable":true,"href":"https:\/\/www.caririemacao.com\/1\/wp-json\/wp\/v2\/comments?post=59561"}],"version-history":[{"count":1,"href":"https:\/\/www.caririemacao.com\/1\/wp-json\/wp\/v2\/posts\/59561\/revisions"}],"predecessor-version":[{"id":59562,"href":"https:\/\/www.caririemacao.com\/1\/wp-json\/wp\/v2\/posts\/59561\/revisions\/59562"}],"wp:featuredmedia":[{"embeddable":true,"href":"https:\/\/www.caririemacao.com\/1\/wp-json\/wp\/v2\/media\/45349"}],"wp:attachment":[{"href":"https:\/\/www.caririemacao.com\/1\/wp-json\/wp\/v2\/media?parent=59561"}],"wp:term":[{"taxonomy":"category","embeddable":true,"href":"https:\/\/www.caririemacao.com\/1\/wp-json\/wp\/v2\/categories?post=59561"},{"taxonomy":"post_tag","embeddable":true,"href":"https:\/\/www.caririemacao.com\/1\/wp-json\/wp\/v2\/tags?post=59561"}],"curies":[{"name":"wp","href":"https:\/\/api.w.org\/{rel}","templated":true}]}}