{"id":59563,"date":"2018-08-02T21:43:03","date_gmt":"2018-08-03T00:43:03","guid":{"rendered":"http:\/\/caririemacao.com\/1\/?p=59563"},"modified":"2018-08-02T21:44:33","modified_gmt":"2018-08-03T00:44:33","slug":"ricardo-sinaliza-ao-pdt-nunca-vi-uma-critica-ao-governo","status":"publish","type":"post","link":"https:\/\/www.caririemacao.com\/1\/2018\/08\/02\/ricardo-sinaliza-ao-pdt-nunca-vi-uma-critica-ao-governo\/","title":{"rendered":"Ricardo sinaliza ao PDT: \u201cNunca vi uma cr\u00edtica ao governo\u201d"},"content":{"rendered":"<p>O governador Ricardo Coutinho (PSB) esteve em Campina Grande nesta quinta-feira (2) e falou sobre as especula\u00e7\u00f5es de poss\u00edvel reaproxima\u00e7\u00e3o com a vice-governadora L\u00edgia Feliciano (PDT) e outros integrantes do partido.<\/p>\n<p>Ele afirmou que est\u00e1 tudo tranquilo e que n\u00e3o existe cr\u00edtica por parte dos integrantes do PDT ao seu governo.<\/p>\n<p>Ricardo destacou que existem pessoas na oposi\u00e7\u00e3o que se apegam a coisas menores e acham defeitos onde n\u00e3o existe.<\/p>\n<p>\u2013 N\u00e3o tem diferen\u00e7a, n\u00e3o. Ali\u00e1s, eu nunca vi uma cr\u00edtica do PDT ao governo, ao contr\u00e1rio, sempre dizem que o governo \u00e9 correto e ocupam a vice-governadoria do Estado &#8211; disse.<\/p>\n<p>&nbsp;<\/p>\n<p>Fonte: R\u00e1dio Arapuan FM<\/p>\n<p>Leia mais not\u00edcias em\u00a0<a href=\"http:\/\/www.caririemacao.com\/\">caririemacao.com<\/a>, siga nossa p\u00e1gina no\u00a0<a href=\"https:\/\/www.facebook.com\/CaririEmAcao\/?ref=aymt_homepage_panel\">Facebook<\/a>,\u00a0<a href=\"https:\/\/www.instagram.com\/cariri_em_acao\/?hl=pt-br\">Instagram<\/a>\u00a0e\u00a0<a href=\"https:\/\/www.youtube.com\/channel\/UCAptA0jQuYQy8vMhLt2m4qg\">Youtube<\/a>\u00a0e veja nossas mat\u00e9rias, v\u00eddeos e fotos. Voc\u00ea tamb\u00e9m pode enviar informa\u00e7\u00f5es \u00e0 Reda\u00e7\u00e3o do Portal Cariri em A\u00e7\u00e3o pelo WhatsApp (83) 9 9634.5791, (83) 9 9601-1162.<\/p>\n","protected":false},"excerpt":{"rendered":"<p>O governador Ricardo Coutinho (PSB) esteve em Campina Grande nesta quinta-feira (2) e falou sobre as especula\u00e7\u00f5es de poss\u00edvel reaproxima\u00e7\u00e3o com a vice-governadora L\u00edgia Feliciano&hellip; <\/p>\n","protected":false},"author":1,"featured_media":53143,"comment_status":"closed","ping_status":"closed","sticky":false,"template":"","format":"standard","meta":{"sfsi_plus_gutenberg_text_before_share":"","sfsi_plus_gutenberg_show_text_before_share":"","sfsi_plus_gutenberg_icon_type":"","sfsi_plus_gutenberg_icon_alignemt":"","sfsi_plus_gutenburg_max_per_row":"","footnotes":""},"categories":[11],"tags":[],"class_list":["post-59563","post","type-post","status-publish","format-standard","has-post-thumbnail","hentry","category-politica"],"_links":{"self":[{"href":"https:\/\/www.caririemacao.com\/1\/wp-json\/wp\/v2\/posts\/59563","targetHints":{"allow":["GET"]}}],"collection":[{"href":"https:\/\/www.caririemacao.com\/1\/wp-json\/wp\/v2\/posts"}],"about":[{"href":"https:\/\/www.caririemacao.com\/1\/wp-json\/wp\/v2\/types\/post"}],"author":[{"embeddable":true,"href":"https:\/\/www.caririemacao.com\/1\/wp-json\/wp\/v2\/users\/1"}],"replies":[{"embeddable":true,"href":"https:\/\/www.caririemacao.com\/1\/wp-json\/wp\/v2\/comments?post=59563"}],"version-history":[{"count":2,"href":"https:\/\/www.caririemacao.com\/1\/wp-json\/wp\/v2\/posts\/59563\/revisions"}],"predecessor-version":[{"id":59566,"href":"https:\/\/www.caririemacao.com\/1\/wp-json\/wp\/v2\/posts\/59563\/revisions\/59566"}],"wp:featuredmedia":[{"embeddable":true,"href":"https:\/\/www.caririemacao.com\/1\/wp-json\/wp\/v2\/media\/53143"}],"wp:attachment":[{"href":"https:\/\/www.caririemacao.com\/1\/wp-json\/wp\/v2\/media?parent=59563"}],"wp:term":[{"taxonomy":"category","embeddable":true,"href":"https:\/\/www.caririemacao.com\/1\/wp-json\/wp\/v2\/categories?post=59563"},{"taxonomy":"post_tag","embeddable":true,"href":"https:\/\/www.caririemacao.com\/1\/wp-json\/wp\/v2\/tags?post=59563"}],"curies":[{"name":"wp","href":"https:\/\/api.w.org\/{rel}","templated":true}]}}