{"id":59567,"date":"2018-08-02T21:52:09","date_gmt":"2018-08-03T00:52:09","guid":{"rendered":"http:\/\/caririemacao.com\/1\/?p=59567"},"modified":"2018-08-02T21:53:58","modified_gmt":"2018-08-03T00:53:58","slug":"ufcg-divulga-retificacao-de-concurso-publico-na-area-da-sociologia-para-docencia-em-sume","status":"publish","type":"post","link":"https:\/\/www.caririemacao.com\/1\/2018\/08\/02\/ufcg-divulga-retificacao-de-concurso-publico-na-area-da-sociologia-para-docencia-em-sume\/","title":{"rendered":"UFCG divulga retifica\u00e7\u00e3o de Concurso P\u00fablico na \u00e1rea da Sociologia para doc\u00eancia em Sum\u00e9"},"content":{"rendered":"<p>A Universidade Federal de Campina Grande (<a href=\"http:\/\/www.ufcg.edu.br\/\" target=\"_blank\" rel=\"noopener\">UFCG<\/a>), no Estado da Para\u00edba, retifica Concurso P\u00fablico que visa prover uma oportunidade na Carreira do Magist\u00e9rio Superior, na \u00e1rea da Sociologia. Este certame tem prazo de validade de um ano.<\/p>\n<div>\n<p>Divulgado recentemente, o documento informa a suspens\u00e3o da Prova Did\u00e1tica e tamb\u00e9m do Exame de T\u00edtulos. Um novo cronograma deve ser divulgado em breve para a realiza\u00e7\u00e3o destas fases. A avalia\u00e7\u00e3o dos inscritos consta ainda de Prova Escrita, etapa j\u00e1 realizada.<\/p>\n<p>Em regime de Dedica\u00e7\u00e3o Exclusiva, o Docente contratado na classe de Adjunto deve receber remunera\u00e7\u00e3o de R$ 9.585,67. Para tal, \u00e9 necess\u00e1rio t\u00edtulo de Gradua\u00e7\u00e3o em Ci\u00eancias Sociais ou \u00e1reas afins e Doutorado em Sociologia ou Ci\u00eancias Sociais.<\/p>\n<p>Sob a taxa de R$ 150,00, os interessados puderam inscrever at\u00e9 o \u00faltimo dia 23 de junho de 2018, das 8h \u00e0s 12h e das 14h \u00e0s 18h, de segunda a sexta-feira, em dias \u00fateis, no Protocolo Setorial CDSA\/ UFCG, na Rua Luiz Grande, s\/n\u00ba, Sum\u00e9 \u2013 PB.<\/p>\n<\/div>\n<p>&nbsp;<\/p>\n<p>Fonte: Vitrine do Cariri\/Foto: Reprodu\u00e7\u00e3o da Internet<\/p>\n<p>&nbsp;<\/p>\n<p>Leia mais not\u00edcias em\u00a0<a href=\"http:\/\/www.caririemacao.com\/\">caririemacao.com<\/a>, siga nossa p\u00e1gina no\u00a0<a href=\"https:\/\/www.facebook.com\/CaririEmAcao\/?ref=aymt_homepage_panel\">Facebook<\/a>,\u00a0<a href=\"https:\/\/www.instagram.com\/cariri_em_acao\/?hl=pt-br\">Instagram<\/a>\u00a0e\u00a0<a href=\"https:\/\/www.youtube.com\/channel\/UCAptA0jQuYQy8vMhLt2m4qg\">Youtube<\/a>\u00a0e veja nossas mat\u00e9rias, v\u00eddeos e fotos. Voc\u00ea tamb\u00e9m pode enviar informa\u00e7\u00f5es \u00e0 Reda\u00e7\u00e3o do Portal Cariri em A\u00e7\u00e3o pelo WhatsApp (83) 9 9634.5791, (83) 9 9601-1162.<\/p>\n","protected":false},"excerpt":{"rendered":"<p>A Universidade Federal de Campina Grande (UFCG), no Estado da Para\u00edba, retifica Concurso P\u00fablico que visa prover uma oportunidade na Carreira do Magist\u00e9rio Superior, na&hellip; <\/p>\n","protected":false},"author":1,"featured_media":12237,"comment_status":"closed","ping_status":"closed","sticky":false,"template":"","format":"standard","meta":{"sfsi_plus_gutenberg_text_before_share":"","sfsi_plus_gutenberg_show_text_before_share":"","sfsi_plus_gutenberg_icon_type":"","sfsi_plus_gutenberg_icon_alignemt":"","sfsi_plus_gutenburg_max_per_row":"","footnotes":""},"categories":[14],"tags":[],"class_list":["post-59567","post","type-post","status-publish","format-standard","has-post-thumbnail","hentry","category-educacao"],"_links":{"self":[{"href":"https:\/\/www.caririemacao.com\/1\/wp-json\/wp\/v2\/posts\/59567","targetHints":{"allow":["GET"]}}],"collection":[{"href":"https:\/\/www.caririemacao.com\/1\/wp-json\/wp\/v2\/posts"}],"about":[{"href":"https:\/\/www.caririemacao.com\/1\/wp-json\/wp\/v2\/types\/post"}],"author":[{"embeddable":true,"href":"https:\/\/www.caririemacao.com\/1\/wp-json\/wp\/v2\/users\/1"}],"replies":[{"embeddable":true,"href":"https:\/\/www.caririemacao.com\/1\/wp-json\/wp\/v2\/comments?post=59567"}],"version-history":[{"count":3,"href":"https:\/\/www.caririemacao.com\/1\/wp-json\/wp\/v2\/posts\/59567\/revisions"}],"predecessor-version":[{"id":59570,"href":"https:\/\/www.caririemacao.com\/1\/wp-json\/wp\/v2\/posts\/59567\/revisions\/59570"}],"wp:featuredmedia":[{"embeddable":true,"href":"https:\/\/www.caririemacao.com\/1\/wp-json\/wp\/v2\/media\/12237"}],"wp:attachment":[{"href":"https:\/\/www.caririemacao.com\/1\/wp-json\/wp\/v2\/media?parent=59567"}],"wp:term":[{"taxonomy":"category","embeddable":true,"href":"https:\/\/www.caririemacao.com\/1\/wp-json\/wp\/v2\/categories?post=59567"},{"taxonomy":"post_tag","embeddable":true,"href":"https:\/\/www.caririemacao.com\/1\/wp-json\/wp\/v2\/tags?post=59567"}],"curies":[{"name":"wp","href":"https:\/\/api.w.org\/{rel}","templated":true}]}}