{"id":59574,"date":"2018-08-02T22:12:03","date_gmt":"2018-08-03T01:12:03","guid":{"rendered":"http:\/\/caririemacao.com\/1\/?p=59574"},"modified":"2018-08-02T22:12:03","modified_gmt":"2018-08-03T01:12:03","slug":"versao-do-whatsapp-para-empresas-inicia-cobranca-de-taxas-para-envio-de-mensagens","status":"publish","type":"post","link":"https:\/\/www.caririemacao.com\/1\/2018\/08\/02\/versao-do-whatsapp-para-empresas-inicia-cobranca-de-taxas-para-envio-de-mensagens\/","title":{"rendered":"Vers\u00e3o do WhatsApp para empresas inicia cobran\u00e7a de taxas para envio de mensagens"},"content":{"rendered":"<header class=\"site-header\">O servi\u00e7o de mensagens do Facebook WhatsApp come\u00e7ar\u00e1 a cobrar de empresas pelo envio de mensagens de marketing e de atendimento a clientes, disse a rede social nesta quarta-feira (1). A cobran\u00e7a come\u00e7a em um momento em que a companhia enfrenta desacelera\u00e7\u00e3o no crescimento de sua receita.<\/header>\n<div class=\"wrap\">\n<div class=\"single-post clearfix post-121824 post type-post status-publish format-standard has-post-thumbnail  category-tecnologia have-thumbnail clearfx\">\n<div class=\"post-content entry-content\">\n<div class=\"wall\">\n<div class=\"mc-column content-text active-extra-styles \" data-block-type=\"unstyled\" data-block-weight=\"34\" data-block-id=\"2\">\n<p class=\"content-text__container \" data-track-category=\"Link no Texto\" data-track-links=\"\">As mensagens ser\u00e3o cobradas a uma taxa fixa para entrega confirmada, variando de US$ 0,05 a US$ 0,09 por mensagem, dependendo do pa\u00eds, disse o WhatsApp. A cobran\u00e7a do servi\u00e7o tamb\u00e9m envolver\u00e1 o Brasil.<\/p>\n<\/div>\n<div class=\"mc-column content-text active-extra-styles \" data-block-type=\"unstyled\" data-block-weight=\"37\" data-block-id=\"3\">\n<p class=\"content-text__container \" data-track-category=\"Link no Texto\" data-track-links=\"\">O WhatsApp, que tem cerca de 1,5 bilh\u00e3o de usu\u00e1rios, disse que a partir desta quarta as empresas poder\u00e3o usar o WhatsApp Business para enviar informa\u00e7\u00f5es sobre entrega de produtos, lembretes de compromissos e ingressos para eventos.<\/p>\n<div class=\"wall\">\n<div class=\"mc-column content-text active-extra-styles \" data-block-type=\"unstyled\" data-block-weight=\"31\" data-block-id=\"5\">\n<p class=\"content-text__container \" data-track-category=\"Link no Texto\" data-track-links=\"\">O WhatsApp reconheceu que est\u00e1 cobrando um pr\u00eamio em compara\u00e7\u00e3o com as taxas cobradas por SMS de operadoras de telefonia m\u00f3vel. As operadoras normalmente cobram menos de US$ 0,01 por SMS.<\/p>\n<\/div>\n<div class=\"mc-column content-text active-extra-styles \" data-block-type=\"unstyled\" data-block-weight=\"47\" data-block-id=\"6\">\n<p class=\"content-text__container \" data-track-category=\"Link no Texto\" data-track-links=\"\">O servi\u00e7o havia anunciado em janeiro que come\u00e7aria a permitir que pequenas empresas se comunicassem atrav\u00e9s do aplicativo WhatsApp Business, que tem mais de 3 milh\u00f5es de usu\u00e1rios ativos. O vice-presidente de opera\u00e7\u00f5es, Matt Idema, disse na ocasi\u00e3o que o WhatsApp pretendia cobrar das empresas no futuro.<\/p>\n<\/div>\n<\/div>\n<div data-track-category=\"fim do conteudo\" data-track-action=\"ultimo chunk conteudo\" data-track-noninteraction=\"false\" data-track-scroll=\"entrada completa viewport\">\n<div class=\"mc-column content-text active-extra-styles \" data-block-type=\"unstyled\" data-block-weight=\"51\" data-block-id=\"7\">\n<p class=\"content-text__container \" data-track-category=\"Link no Texto\" data-track-links=\"\">O Facebook tamb\u00e9m disse nesta quarta-feira que os usu\u00e1rios de seu aplicativo hom\u00f4nimo e do Instagram podem\u00a0agora ver a quantidade de tempo que gastam nos aplicativos\u00a0todos os dias e receberem notifica\u00e7\u00f5es quando ultrapassarem um limite autoestabelecido. Os usu\u00e1rios tamb\u00e9m podem silenciar as notifica\u00e7\u00f5es dos aplicativos por at\u00e9 oito horas.<\/p>\n<p>&nbsp;<\/p>\n<p>Fonte: Para\u00edba J\u00e1\/Foto: Reprodu\u00e7\u00e3o da Internet<\/p>\n<p>&nbsp;<\/p>\n<p>Leia mais not\u00edcias em\u00a0<a href=\"http:\/\/www.caririemacao.com\/\">caririemacao.com<\/a>, siga nossa p\u00e1gina no\u00a0<a href=\"https:\/\/www.facebook.com\/CaririEmAcao\/?ref=aymt_homepage_panel\">Facebook<\/a>,\u00a0<a href=\"https:\/\/www.instagram.com\/cariri_em_acao\/?hl=pt-br\">Instagram<\/a>\u00a0e\u00a0<a href=\"https:\/\/www.youtube.com\/channel\/UCAptA0jQuYQy8vMhLt2m4qg\">Youtube<\/a>\u00a0e veja nossas mat\u00e9rias, v\u00eddeos e fotos. Voc\u00ea tamb\u00e9m pode enviar informa\u00e7\u00f5es \u00e0 Reda\u00e7\u00e3o do Portal Cariri em A\u00e7\u00e3o pelo WhatsApp (83) 9 9634.5791, (83) 9 9601-1162.<\/p>\n<\/div>\n<\/div>\n<\/div>\n<\/div>\n<\/div>\n<\/div>\n<\/div>\n","protected":false},"excerpt":{"rendered":"<p>O servi\u00e7o de mensagens do Facebook WhatsApp come\u00e7ar\u00e1 a cobrar de empresas pelo envio de mensagens de marketing e de atendimento a clientes, disse a&hellip; <\/p>\n","protected":false},"author":1,"featured_media":59575,"comment_status":"closed","ping_status":"closed","sticky":false,"template":"","format":"standard","meta":{"sfsi_plus_gutenberg_text_before_share":"","sfsi_plus_gutenberg_show_text_before_share":"","sfsi_plus_gutenberg_icon_type":"","sfsi_plus_gutenberg_icon_alignemt":"","sfsi_plus_gutenburg_max_per_row":"","footnotes":""},"categories":[2],"tags":[],"class_list":["post-59574","post","type-post","status-publish","format-standard","has-post-thumbnail","hentry","category-geral"],"_links":{"self":[{"href":"https:\/\/www.caririemacao.com\/1\/wp-json\/wp\/v2\/posts\/59574","targetHints":{"allow":["GET"]}}],"collection":[{"href":"https:\/\/www.caririemacao.com\/1\/wp-json\/wp\/v2\/posts"}],"about":[{"href":"https:\/\/www.caririemacao.com\/1\/wp-json\/wp\/v2\/types\/post"}],"author":[{"embeddable":true,"href":"https:\/\/www.caririemacao.com\/1\/wp-json\/wp\/v2\/users\/1"}],"replies":[{"embeddable":true,"href":"https:\/\/www.caririemacao.com\/1\/wp-json\/wp\/v2\/comments?post=59574"}],"version-history":[{"count":1,"href":"https:\/\/www.caririemacao.com\/1\/wp-json\/wp\/v2\/posts\/59574\/revisions"}],"predecessor-version":[{"id":59576,"href":"https:\/\/www.caririemacao.com\/1\/wp-json\/wp\/v2\/posts\/59574\/revisions\/59576"}],"wp:featuredmedia":[{"embeddable":true,"href":"https:\/\/www.caririemacao.com\/1\/wp-json\/wp\/v2\/media\/59575"}],"wp:attachment":[{"href":"https:\/\/www.caririemacao.com\/1\/wp-json\/wp\/v2\/media?parent=59574"}],"wp:term":[{"taxonomy":"category","embeddable":true,"href":"https:\/\/www.caririemacao.com\/1\/wp-json\/wp\/v2\/categories?post=59574"},{"taxonomy":"post_tag","embeddable":true,"href":"https:\/\/www.caririemacao.com\/1\/wp-json\/wp\/v2\/tags?post=59574"}],"curies":[{"name":"wp","href":"https:\/\/api.w.org\/{rel}","templated":true}]}}