{"id":59577,"date":"2018-08-02T22:18:30","date_gmt":"2018-08-03T01:18:30","guid":{"rendered":"http:\/\/caririemacao.com\/1\/?p=59577"},"modified":"2018-08-02T22:18:30","modified_gmt":"2018-08-03T01:18:31","slug":"produtores-de-sume-beneficiados-pelo-procase-receberao-assistencia-tecnica-do-patac","status":"publish","type":"post","link":"https:\/\/www.caririemacao.com\/1\/2018\/08\/02\/produtores-de-sume-beneficiados-pelo-procase-receberao-assistencia-tecnica-do-patac\/","title":{"rendered":"Produtores de Sum\u00e9 beneficiados pelo Procase receber\u00e3o assist\u00eancia t\u00e9cnica do PATAC"},"content":{"rendered":"<p>O Governo do Estado da Para\u00edba atrav\u00e9s do Projeto de Desenvolvimento Sustent\u00e1vel do Cariri, Serid\u00f3 e Curimata\u00fa \u2013 Procase, realizou na \u00faltima segunda-feira (30\/07), uma reuni\u00e3o com produtores do munic\u00edpio de Sum\u00e9.<\/p>\n<p>O encontro teve como objetivo planejar a atua\u00e7\u00e3o de assist\u00eancia t\u00e9cnica aos benefici\u00e1rios do Plano Emergencial. Em Sum\u00e9, 12 comunidades j\u00e1 foram beneficiadas com kits do Procase, sendo um po\u00e7o em cada comunidade e 5 barragens subterr\u00e2neas.<\/p>\n<p>A empresa respons\u00e1vel pela assist\u00eancia t\u00e9cnica ser\u00e1 o Programa de Aplica\u00e7\u00e3o de Tecnologia Apropriadas as Comunidades- PATAC, que durante um ano, estar\u00e1 assistindo os produtores, com a\u00e7\u00f5es no campo de forragem, reparos nas barragens constru\u00eddas e trabalhando o potencial das comunidades.<\/p>\n<p>Cada comunidade beneficiada com os po\u00e7os receber\u00e1 ainda: kit de irriga\u00e7\u00e3o contendo caixa d\u2019\u00e1gua, catavento, fitas gotejadoras para meia hectare e seis mil raquetes de palmas.<\/p>\n<p>A Mobilizadora Social do Procase na regi\u00e3o do Cariri, Joseane Bezerra, destacou a parceria com a Prefeitura de Sum\u00e9 via Secretaria de Agricultura: \u201cAtrav\u00e9s do prefeito Ed\u00e9n Duarte, encontramos a parceria necess\u00e1ria para a realiza\u00e7\u00e3o de a\u00e7\u00f5es no munic\u00edpio de Sum\u00e9, quem ganha com tal coopera\u00e7\u00e3o s\u00e3o os produtores do munic\u00edpio, que est\u00e3o recebendo os diversos benef\u00edcios do projeto\u201d, destacou Joseane.<\/p>\n<p><strong>Ascom\/PMS<\/strong><\/p>\n<p>Leia mais not\u00edcias em\u00a0<a href=\"http:\/\/www.caririemacao.com\/\">caririemacao.com<\/a>, siga nossa p\u00e1gina no\u00a0<a href=\"https:\/\/www.facebook.com\/CaririEmAcao\/?ref=aymt_homepage_panel\">Facebook<\/a>,\u00a0<a href=\"https:\/\/www.instagram.com\/cariri_em_acao\/?hl=pt-br\">Instagram<\/a>\u00a0e\u00a0<a href=\"https:\/\/www.youtube.com\/channel\/UCAptA0jQuYQy8vMhLt2m4qg\">Youtube<\/a>\u00a0e veja nossas mat\u00e9rias, v\u00eddeos e fotos. Voc\u00ea tamb\u00e9m pode enviar informa\u00e7\u00f5es \u00e0 Reda\u00e7\u00e3o do Portal Cariri em A\u00e7\u00e3o pelo WhatsApp (83) 9 9634.5791, (83) 9 9601-1162.<\/p>\n<p>&nbsp;<\/p>\n","protected":false},"excerpt":{"rendered":"<p>O Governo do Estado da Para\u00edba atrav\u00e9s do Projeto de Desenvolvimento Sustent\u00e1vel do Cariri, Serid\u00f3 e Curimata\u00fa \u2013 Procase, realizou na \u00faltima segunda-feira (30\/07), uma&hellip; <\/p>\n","protected":false},"author":1,"featured_media":59578,"comment_status":"closed","ping_status":"closed","sticky":false,"template":"","format":"standard","meta":{"sfsi_plus_gutenberg_text_before_share":"","sfsi_plus_gutenberg_show_text_before_share":"","sfsi_plus_gutenberg_icon_type":"","sfsi_plus_gutenberg_icon_alignemt":"","sfsi_plus_gutenburg_max_per_row":"","footnotes":""},"categories":[6],"tags":[],"class_list":["post-59577","post","type-post","status-publish","format-standard","has-post-thumbnail","hentry","category-cidades"],"_links":{"self":[{"href":"https:\/\/www.caririemacao.com\/1\/wp-json\/wp\/v2\/posts\/59577","targetHints":{"allow":["GET"]}}],"collection":[{"href":"https:\/\/www.caririemacao.com\/1\/wp-json\/wp\/v2\/posts"}],"about":[{"href":"https:\/\/www.caririemacao.com\/1\/wp-json\/wp\/v2\/types\/post"}],"author":[{"embeddable":true,"href":"https:\/\/www.caririemacao.com\/1\/wp-json\/wp\/v2\/users\/1"}],"replies":[{"embeddable":true,"href":"https:\/\/www.caririemacao.com\/1\/wp-json\/wp\/v2\/comments?post=59577"}],"version-history":[{"count":1,"href":"https:\/\/www.caririemacao.com\/1\/wp-json\/wp\/v2\/posts\/59577\/revisions"}],"predecessor-version":[{"id":59579,"href":"https:\/\/www.caririemacao.com\/1\/wp-json\/wp\/v2\/posts\/59577\/revisions\/59579"}],"wp:featuredmedia":[{"embeddable":true,"href":"https:\/\/www.caririemacao.com\/1\/wp-json\/wp\/v2\/media\/59578"}],"wp:attachment":[{"href":"https:\/\/www.caririemacao.com\/1\/wp-json\/wp\/v2\/media?parent=59577"}],"wp:term":[{"taxonomy":"category","embeddable":true,"href":"https:\/\/www.caririemacao.com\/1\/wp-json\/wp\/v2\/categories?post=59577"},{"taxonomy":"post_tag","embeddable":true,"href":"https:\/\/www.caririemacao.com\/1\/wp-json\/wp\/v2\/tags?post=59577"}],"curies":[{"name":"wp","href":"https:\/\/api.w.org\/{rel}","templated":true}]}}