{"id":59580,"date":"2018-08-02T22:26:58","date_gmt":"2018-08-03T01:26:58","guid":{"rendered":"http:\/\/caririemacao.com\/1\/?p=59580"},"modified":"2018-08-02T22:26:58","modified_gmt":"2018-08-03T01:26:58","slug":"lula-recebe-visita-de-artistas-em-curitiba","status":"publish","type":"post","link":"https:\/\/www.caririemacao.com\/1\/2018\/08\/02\/lula-recebe-visita-de-artistas-em-curitiba\/","title":{"rendered":"Lula recebe visita de artistas em Curitiba"},"content":{"rendered":"<p>Os cantores Chico Buarque e Martinho da Vila visitaram o ex-presidente Luiz In\u00e1cio Lula da Silva (PT) na tarde desta quinta-feira (2) na sede da Superintend\u00eancia da Pol\u00edcia Federal em Curitiba.<\/p>\n<p>Frustando a expectativa de centenas de manifestantes que se aglomeraram ao redor da PF, os m\u00fasicos n\u00e3o falaram com eles ou com a imprensa -deixaram o local em carros separados, que os buscaram dentro do pr\u00e9dio.<\/p>\n<p>A senadora Gleisi Hoffmann, presidente nacional do PT, tamb\u00e9m esteve com Lula nesta quinta. Ela disse a jornalistas que a conversa com os artistas foi muito boa para o ex-presidente por serem amigos de longa data.<\/p>\n<p>\u201cOuviu deles o que foi o show, a mobiliza\u00e7\u00e3o que teve no Rio de Janeiro, o movimento que os artistas est\u00e3o fazendo em favor de Lula livre. Falou bastante do que est\u00e1 vivendo aqui, do momento dele, e pediu para dizerem em alto e bom som, em todos os lugares, que \u00e9 candidat\u00edssimo\u201d, afirmou.<\/p>\n<p>&nbsp;<\/p>\n<p>Fonte: Para\u00edba J\u00e1\/Foto: Reprodu\u00e7\u00e3o da Internet<\/p>\n<p>Leia mais not\u00edcias em\u00a0<a href=\"http:\/\/www.caririemacao.com\/\">caririemacao.com<\/a>, siga nossa p\u00e1gina no\u00a0<a href=\"https:\/\/www.facebook.com\/CaririEmAcao\/?ref=aymt_homepage_panel\">Facebook<\/a>,\u00a0<a href=\"https:\/\/www.instagram.com\/cariri_em_acao\/?hl=pt-br\">Instagram<\/a>\u00a0e\u00a0<a href=\"https:\/\/www.youtube.com\/channel\/UCAptA0jQuYQy8vMhLt2m4qg\">Youtube<\/a>\u00a0e veja nossas mat\u00e9rias, v\u00eddeos e fotos. Voc\u00ea tamb\u00e9m pode enviar informa\u00e7\u00f5es \u00e0 Reda\u00e7\u00e3o do Portal Cariri em A\u00e7\u00e3o pelo WhatsApp (83) 9 9634.5791, (83) 9 9601-1162.<\/p>\n","protected":false},"excerpt":{"rendered":"<p>Os cantores Chico Buarque e Martinho da Vila visitaram o ex-presidente Luiz In\u00e1cio Lula da Silva (PT) na tarde desta quinta-feira (2) na sede da&hellip; <\/p>\n","protected":false},"author":1,"featured_media":59116,"comment_status":"closed","ping_status":"closed","sticky":false,"template":"","format":"standard","meta":{"sfsi_plus_gutenberg_text_before_share":"","sfsi_plus_gutenberg_show_text_before_share":"","sfsi_plus_gutenberg_icon_type":"","sfsi_plus_gutenberg_icon_alignemt":"","sfsi_plus_gutenburg_max_per_row":"","footnotes":""},"categories":[11],"tags":[],"class_list":["post-59580","post","type-post","status-publish","format-standard","has-post-thumbnail","hentry","category-politica"],"_links":{"self":[{"href":"https:\/\/www.caririemacao.com\/1\/wp-json\/wp\/v2\/posts\/59580","targetHints":{"allow":["GET"]}}],"collection":[{"href":"https:\/\/www.caririemacao.com\/1\/wp-json\/wp\/v2\/posts"}],"about":[{"href":"https:\/\/www.caririemacao.com\/1\/wp-json\/wp\/v2\/types\/post"}],"author":[{"embeddable":true,"href":"https:\/\/www.caririemacao.com\/1\/wp-json\/wp\/v2\/users\/1"}],"replies":[{"embeddable":true,"href":"https:\/\/www.caririemacao.com\/1\/wp-json\/wp\/v2\/comments?post=59580"}],"version-history":[{"count":1,"href":"https:\/\/www.caririemacao.com\/1\/wp-json\/wp\/v2\/posts\/59580\/revisions"}],"predecessor-version":[{"id":59581,"href":"https:\/\/www.caririemacao.com\/1\/wp-json\/wp\/v2\/posts\/59580\/revisions\/59581"}],"wp:featuredmedia":[{"embeddable":true,"href":"https:\/\/www.caririemacao.com\/1\/wp-json\/wp\/v2\/media\/59116"}],"wp:attachment":[{"href":"https:\/\/www.caririemacao.com\/1\/wp-json\/wp\/v2\/media?parent=59580"}],"wp:term":[{"taxonomy":"category","embeddable":true,"href":"https:\/\/www.caririemacao.com\/1\/wp-json\/wp\/v2\/categories?post=59580"},{"taxonomy":"post_tag","embeddable":true,"href":"https:\/\/www.caririemacao.com\/1\/wp-json\/wp\/v2\/tags?post=59580"}],"curies":[{"name":"wp","href":"https:\/\/api.w.org\/{rel}","templated":true}]}}